{"id":4303,"date":"2025-11-03T04:35:00","date_gmt":"2025-11-03T04:35:00","guid":{"rendered":"https:\/\/lagumex.mx\/index\/?p=4303"},"modified":"2025-11-04T16:37:25","modified_gmt":"2025-11-04T16:37:25","slug":"anuncia-susy-torrecillas-cambios-en-seguridad-publica-deja-la-titularidad-tadeo-toledo","status":"publish","type":"post","link":"https:\/\/lagumex.mx\/index\/lerdo\/anuncia-susy-torrecillas-cambios-en-seguridad-publica-deja-la-titularidad-tadeo-toledo\/","title":{"rendered":"Anuncia Susy Torrecillas cambios en Seguridad P\u00fablica; deja la titularidad Tadeo Toledo"},"content":{"rendered":"\n<p>03 de noviembre de 2025.- Bajo este argumento, la edil dio a conocer que ahora Tadeo Julio C\u00e9sar Toledo Herrera, ser\u00e1 el titular de la direcci\u00f3n de Prevenci\u00f3n al Delito y Proximidad Social dejado as\u00ed la titularidad de la corporaci\u00f3n. <strong>Anunci\u00f3 la alcaldesa de Lerdo, Susy Carolina Torrecillas Salazar ajustes en la Direcci\u00f3n de Seguridad P\u00fablica Municipal; buscar\u00e1n enfocarse en la Prevenci\u00f3n al Delito.<\/strong>Sin embargo, la alcaldesa no revel\u00f3 la identidad del nuevo director de Seguridad para este municipal.<mark>\u201cHice unos ajustes administrativos en donde voy a preponderar el tema de prevenci\u00f3n del delito por eso Tadeo Toledo est\u00e1 al frente de esta direcci\u00f3n de Prevenci\u00f3n Social con proximidad social\u201d, dijo la edil.<\/mark><\/p>\n","protected":false},"excerpt":{"rendered":"<p>03 de noviembre de 2025.- Bajo este argumento, la edil dio a conocer que ahora Tadeo Julio C\u00e9sar Toledo Herrera, ser\u00e1 el titular de la direcci\u00f3n de Prevenci\u00f3n al Delito y Proximidad Social dejado as\u00ed la titularidad de la corporaci\u00f3n. Anunci\u00f3 la alcaldesa de Lerdo, Susy Carolina Torrecillas Salazar ajustes en la Direcci\u00f3n de Seguridad&#8230;<\/p>\n","protected":false},"author":1,"featured_media":4304,"comment_status":"open","ping_status":"open","sticky":false,"template":"","format":"standard","meta":{"footnotes":""},"categories":[3],"tags":[],"class_list":["post-4303","post","type-post","status-publish","format-standard","has-post-thumbnail","hentry","category-lerdo"],"_links":{"self":[{"href":"https:\/\/lagumex.mx\/index\/wp-json\/wp\/v2\/posts\/4303","targetHints":{"allow":["GET"]}}],"collection":[{"href":"https:\/\/lagumex.mx\/index\/wp-json\/wp\/v2\/posts"}],"about":[{"href":"https:\/\/lagumex.mx\/index\/wp-json\/wp\/v2\/types\/post"}],"author":[{"embeddable":true,"href":"https:\/\/lagumex.mx\/index\/wp-json\/wp\/v2\/users\/1"}],"replies":[{"embeddable":true,"href":"https:\/\/lagumex.mx\/index\/wp-json\/wp\/v2\/comments?post=4303"}],"version-history":[{"count":1,"href":"https:\/\/lagumex.mx\/index\/wp-json\/wp\/v2\/posts\/4303\/revisions"}],"predecessor-version":[{"id":4305,"href":"https:\/\/lagumex.mx\/index\/wp-json\/wp\/v2\/posts\/4303\/revisions\/4305"}],"wp:featuredmedia":[{"embeddable":true,"href":"https:\/\/lagumex.mx\/index\/wp-json\/wp\/v2\/media\/4304"}],"wp:attachment":[{"href":"https:\/\/lagumex.mx\/index\/wp-json\/wp\/v2\/media?parent=4303"}],"wp:term":[{"taxonomy":"category","embeddable":true,"href":"https:\/\/lagumex.mx\/index\/wp-json\/wp\/v2\/categories?post=4303"},{"taxonomy":"post_tag","embeddable":true,"href":"https:\/\/lagumex.mx\/index\/wp-json\/wp\/v2\/tags?post=4303"}],"curies":[{"name":"wp","href":"https:\/\/api.w.org\/{rel}","templated":true}]}}