{"id":4297,"date":"2025-11-01T06:49:00","date_gmt":"2025-11-01T06:49:00","guid":{"rendered":"https:\/\/lagumex.mx\/index\/?p=4297"},"modified":"2025-11-02T18:54:03","modified_gmt":"2025-11-02T18:54:03","slug":"conmemora-congreso-dia-de-muertos-con-homenaje-a-duranguenses-ilustres","status":"publish","type":"post","link":"https:\/\/lagumex.mx\/index\/uncategorized\/congreso-de-durango\/conmemora-congreso-dia-de-muertos-con-homenaje-a-duranguenses-ilustres\/","title":{"rendered":"Conmemora Congreso D\u00eda de Muertos con homenaje a duranguenses ilustres"},"content":{"rendered":"\n<p>01 de noviembre de 2025.- Fomentando las tradiciones mexicanas y a trav\u00e9s de un altar de muertos, el Congreso del Estado rindi\u00f3 homenaje a Isauro Venzor y Carlos Le\u00f3n de la Pe\u00f1a por el legado cient\u00edfico, social y profesional que aportaron a Durango; adem\u00e1s llev\u00f3 a cabo el concurso \u201cViste a tu Catrina\u201d, en el que participaron todas las \u00e1reas que conforman el Poder Legislativo.<\/p>\n\n\n\n<p>\u201cEstamos muy sorprendidos y contentos; los trabajos que presentaron son art\u00edsticos y llenos de simbolismo. Estas catrinas representan el orgullo duranguense y nuestras ra\u00edces culturales. Adem\u00e1s, este altar honra a hombres que le dieron a Durango un legado de conocimiento y humanidad\u201d, expres\u00f3 el presidente de la Junta de Gobierno y Coordinaci\u00f3n Pol\u00edtica, Ernesto Alan\u00eds Herrera.<\/p>\n\n\n\n<p>Acompa\u00f1ado por la diputada Sughey Torres y los legisladores Alejandro Mojica y H\u00e9ctor Herrera, Alan\u00eds Herrera felicit\u00f3 a todo el personal del Congreso por su participaci\u00f3n y entusiasmo en esta celebraci\u00f3n, ya que el talento y la creatividad de las y los trabajadores se reflejaron en cada una de las catrinas, que calific\u00f3 como verdaderas obras de arte dignas de exhibirse al p\u00fablico.<\/p>\n\n\n\n<p>El legislador record\u00f3 que los cient\u00edficos duranguenses Isauro Venzor y Carlos Le\u00f3n de la Pe\u00f1a, en su momento, donaron las patentes del suero antialacr\u00e1n al Gobierno de M\u00e9xico, demostrando un profundo compromiso con su tierra y con la vida de las personas. Asimismo, destac\u00f3 que estas conmemoraciones permiten reflexionar sobre los valores, las tradiciones y el afecto que unen a las y los duranguenses.<\/p>\n\n\n\n<p>Como parte de la conmemoraci\u00f3n, y en un ambiente de hermandad y unidad, se realiz\u00f3 el concurso \u201cViste a tu Catrina\u201d, en el que se presentaron 23 catrinas, resultado de un trabajo impresionante que destac\u00f3 por su creatividad, originalidad y dedicaci\u00f3n.<\/p>\n\n\n\n<p>Tras una dif\u00edcil deliberaci\u00f3n, los diputados Ernesto Alan\u00eds Herrera, Sughey Torres, Alejandro Mojica y H\u00e9ctor Herrera acordaron premiar a seis \u00e1reas finalistas, las cuales fueron Informativa, Finanzas, Recursos Materiales I, Secretar\u00eda General y el Grupo Parlamentario del PRI.<\/p>\n\n\n\n<p>Durante el evento, el secretario general del Congreso, David Enr\u00edquez, destac\u00f3 la importancia de mantener vivas las tradiciones mexicanas que unen a las familias y fortalecen la identidad cultural. Asimismo, reconoci\u00f3 la trayectoria de Manuel Rangel Gonz\u00e1lez, quien dedic\u00f3 m\u00e1s de 30 a\u00f1os de servicio al Poder Legislativo.<\/p>\n","protected":false},"excerpt":{"rendered":"<p>01 de noviembre de 2025.- Fomentando las tradiciones mexicanas y a trav\u00e9s de un altar de muertos, el Congreso del Estado rindi\u00f3 homenaje a Isauro Venzor y Carlos Le\u00f3n de la Pe\u00f1a por el legado cient\u00edfico, social y profesional que aportaron a Durango; adem\u00e1s llev\u00f3 a cabo el concurso \u201cViste a tu Catrina\u201d, en el&#8230;<\/p>\n","protected":false},"author":1,"featured_media":4298,"comment_status":"open","ping_status":"open","sticky":false,"template":"","format":"standard","meta":{"footnotes":""},"categories":[13],"tags":[],"class_list":["post-4297","post","type-post","status-publish","format-standard","has-post-thumbnail","hentry","category-congreso-de-durango"],"_links":{"self":[{"href":"https:\/\/lagumex.mx\/index\/wp-json\/wp\/v2\/posts\/4297","targetHints":{"allow":["GET"]}}],"collection":[{"href":"https:\/\/lagumex.mx\/index\/wp-json\/wp\/v2\/posts"}],"about":[{"href":"https:\/\/lagumex.mx\/index\/wp-json\/wp\/v2\/types\/post"}],"author":[{"embeddable":true,"href":"https:\/\/lagumex.mx\/index\/wp-json\/wp\/v2\/users\/1"}],"replies":[{"embeddable":true,"href":"https:\/\/lagumex.mx\/index\/wp-json\/wp\/v2\/comments?post=4297"}],"version-history":[{"count":1,"href":"https:\/\/lagumex.mx\/index\/wp-json\/wp\/v2\/posts\/4297\/revisions"}],"predecessor-version":[{"id":4299,"href":"https:\/\/lagumex.mx\/index\/wp-json\/wp\/v2\/posts\/4297\/revisions\/4299"}],"wp:featuredmedia":[{"embeddable":true,"href":"https:\/\/lagumex.mx\/index\/wp-json\/wp\/v2\/media\/4298"}],"wp:attachment":[{"href":"https:\/\/lagumex.mx\/index\/wp-json\/wp\/v2\/media?parent=4297"}],"wp:term":[{"taxonomy":"category","embeddable":true,"href":"https:\/\/lagumex.mx\/index\/wp-json\/wp\/v2\/categories?post=4297"},{"taxonomy":"post_tag","embeddable":true,"href":"https:\/\/lagumex.mx\/index\/wp-json\/wp\/v2\/tags?post=4297"}],"curies":[{"name":"wp","href":"https:\/\/api.w.org\/{rel}","templated":true}]}}