{"id":4287,"date":"2025-10-29T18:29:00","date_gmt":"2025-10-29T18:29:00","guid":{"rendered":"https:\/\/lagumex.mx\/index\/?p=4287"},"modified":"2025-11-02T18:31:13","modified_gmt":"2025-11-02T18:31:13","slug":"implementaran-la-patrulla-rosa-con-tres-vehiculos-en-lerdo","status":"publish","type":"post","link":"https:\/\/lagumex.mx\/index\/lerdo\/implementaran-la-patrulla-rosa-con-tres-vehiculos-en-lerdo\/","title":{"rendered":"Implementar\u00e1n la Patrulla Rosa con tres veh\u00edculos en Lerdo"},"content":{"rendered":"\n<p>29 de octubre de 2025.- Susy Torrecillas, anunci\u00f3 este viernes la&nbsp;<strong>implementaci\u00f3n de Patrullas Rosa<\/strong>, ser\u00e1n tres veh\u00edculos los cuales abonar\u00e1n a esta tem\u00e1tica, para la alcaldesa es importante&nbsp;<strong>consolidarse como uno de los municipios que busca gobernar con perspectiva de g\u00e9nero.<\/strong>Posterior a la Reuni\u00f3n de Seguridad que se realiza con la Mesa de Seguridad de la cual fue&nbsp;<strong>sede Lerdo, Durango<\/strong>, la edil detall\u00f3 que puso varios puntos sobre la mesa para que se contin\u00fae brindando un clima de seguridad en todo el municipio. <em>\u201cEstamos por implementar la Patrulla Rosa para que las mujeres las hagan sentir seguras, vamos a realizar con m\u00ed Polic\u00eda Municipal comit\u00e9s con el IMM porque ellas son parte de la Mesa de Seguridad , lo haremos en todas las colonias, en todas las comunidades para garantizar a la gente que tengan a d\u00f3nde acudir, con una llamada de auxilio y que sepan que nosotros las estamos respaldando porque cuando una mujer gobierna se tienen que hacer todas las pol\u00edticas p\u00fablicas con perspectiva de g\u00e9nero\u201d<\/em>, detall\u00f3.<em>\u201cEstamos trabajando fuerte con el<strong>&nbsp;Instituto Municipal de la Mujer (IMM)<\/strong>, con los Institutos, necesitamos hacer acciones que permitan la fortaleza de las mujeres, hoy por ejemplo en la Direcci\u00f3n de Desarrollo Econ\u00f3mico acabamos de crear un \u00e1rea en donde estamos empoderando econ\u00f3micamente a las mujeres para que ellas puedan generar sus propios oficios, su propio negocio para que hay econom\u00eda en el hogar\u201d,<\/em>&nbsp;a\u00f1adi\u00f3.<\/p>\n","protected":false},"excerpt":{"rendered":"<p>29 de octubre de 2025.- Susy Torrecillas, anunci\u00f3 este viernes la&nbsp;implementaci\u00f3n de Patrullas Rosa, ser\u00e1n tres veh\u00edculos los cuales abonar\u00e1n a esta tem\u00e1tica, para la alcaldesa es importante&nbsp;consolidarse como uno de los municipios que busca gobernar con perspectiva de g\u00e9nero.Posterior a la Reuni\u00f3n de Seguridad que se realiza con la Mesa de Seguridad de la&#8230;<\/p>\n","protected":false},"author":1,"featured_media":0,"comment_status":"open","ping_status":"open","sticky":false,"template":"","format":"standard","meta":{"footnotes":""},"categories":[3],"tags":[],"class_list":["post-4287","post","type-post","status-publish","format-standard","hentry","category-lerdo"],"_links":{"self":[{"href":"https:\/\/lagumex.mx\/index\/wp-json\/wp\/v2\/posts\/4287","targetHints":{"allow":["GET"]}}],"collection":[{"href":"https:\/\/lagumex.mx\/index\/wp-json\/wp\/v2\/posts"}],"about":[{"href":"https:\/\/lagumex.mx\/index\/wp-json\/wp\/v2\/types\/post"}],"author":[{"embeddable":true,"href":"https:\/\/lagumex.mx\/index\/wp-json\/wp\/v2\/users\/1"}],"replies":[{"embeddable":true,"href":"https:\/\/lagumex.mx\/index\/wp-json\/wp\/v2\/comments?post=4287"}],"version-history":[{"count":3,"href":"https:\/\/lagumex.mx\/index\/wp-json\/wp\/v2\/posts\/4287\/revisions"}],"predecessor-version":[{"id":4290,"href":"https:\/\/lagumex.mx\/index\/wp-json\/wp\/v2\/posts\/4287\/revisions\/4290"}],"wp:attachment":[{"href":"https:\/\/lagumex.mx\/index\/wp-json\/wp\/v2\/media?parent=4287"}],"wp:term":[{"taxonomy":"category","embeddable":true,"href":"https:\/\/lagumex.mx\/index\/wp-json\/wp\/v2\/categories?post=4287"},{"taxonomy":"post_tag","embeddable":true,"href":"https:\/\/lagumex.mx\/index\/wp-json\/wp\/v2\/tags?post=4287"}],"curies":[{"name":"wp","href":"https:\/\/api.w.org\/{rel}","templated":true}]}}