{"id":4284,"date":"2025-10-31T18:17:00","date_gmt":"2025-10-31T18:17:00","guid":{"rendered":"https:\/\/lagumex.mx\/index\/?p=4284"},"modified":"2025-11-02T18:22:23","modified_gmt":"2025-11-02T18:22:23","slug":"llama-alcaldesa-de-lerdo-a-no-politizar-aprobacion-de-cuenta","status":"publish","type":"post","link":"https:\/\/lagumex.mx\/index\/lerdo\/llama-alcaldesa-de-lerdo-a-no-politizar-aprobacion-de-cuenta\/","title":{"rendered":"Llama alcaldesa de Lerdo a no politizar aprobaci\u00f3n de Cuenta"},"content":{"rendered":"\n<p><strong>31 de octubre de 2025.- Tras los se\u00f1alamientos que realizaron las diputadas Georgina Solorio y Flora Leal durante la Sesi\u00f3n del Congreso del pasado mi\u00e9rcoles, en la que se vot\u00f3 la Cuenta P\u00fablica del municipio de Lerdo y la cual rechazaron, la alcaldesa Susy Torrecillas, pidi\u00f3 no politizar el tema y asegur\u00f3 que ya se trabaja para solventar las observaciones realizadas por la Auditor\u00eda Superior del Estado, que aclar\u00f3, fueron administrativas y sin da\u00f1o<\/strong>. \u00abEsta Cuenta P\u00fablica se aprueba por mayor\u00eda de los diputados.\u00a0<mark>Lo que no hay que permitir es que por posiciones pol\u00edticas nos vayan a lastimar las decisiones y los n\u00fameros no se politicen. Los resultados est\u00e1n a la vista, las situaciones administrativas que en la Administraci\u00f3n pasada est\u00e1n se\u00f1alando desde la Auditoria Superior del Estado, est\u00e1n solventadas.<\/mark>\u00a0Yo misma he estado con la auditora, porque quer\u00eda saber como recibo exactamente el Ayuntamiento. Efectivamente hab\u00eda situaciones administrativas, m\u00e1s no de da\u00f1o, que se est\u00e1n solventando\u00bb, dijo la alcaldesa.Torrecillas insisti\u00f3 en que se trabajaba en solventar dichas observaciones a fin de dejar en \u00abceros\u00bb lo relacionado con la pasada Administraci\u00f3n que a\u00fan le corresponder\u00e1 parte de la Cuenta P\u00fablica del 2025.<\/p>\n","protected":false},"excerpt":{"rendered":"<p>31 de octubre de 2025.- Tras los se\u00f1alamientos que realizaron las diputadas Georgina Solorio y Flora Leal durante la Sesi\u00f3n del Congreso del pasado mi\u00e9rcoles, en la que se vot\u00f3 la Cuenta P\u00fablica del municipio de Lerdo y la cual rechazaron, la alcaldesa Susy Torrecillas, pidi\u00f3 no politizar el tema y asegur\u00f3 que ya se&#8230;<\/p>\n","protected":false},"author":1,"featured_media":4285,"comment_status":"open","ping_status":"open","sticky":false,"template":"","format":"standard","meta":{"footnotes":""},"categories":[3],"tags":[],"class_list":["post-4284","post","type-post","status-publish","format-standard","has-post-thumbnail","hentry","category-lerdo"],"_links":{"self":[{"href":"https:\/\/lagumex.mx\/index\/wp-json\/wp\/v2\/posts\/4284","targetHints":{"allow":["GET"]}}],"collection":[{"href":"https:\/\/lagumex.mx\/index\/wp-json\/wp\/v2\/posts"}],"about":[{"href":"https:\/\/lagumex.mx\/index\/wp-json\/wp\/v2\/types\/post"}],"author":[{"embeddable":true,"href":"https:\/\/lagumex.mx\/index\/wp-json\/wp\/v2\/users\/1"}],"replies":[{"embeddable":true,"href":"https:\/\/lagumex.mx\/index\/wp-json\/wp\/v2\/comments?post=4284"}],"version-history":[{"count":1,"href":"https:\/\/lagumex.mx\/index\/wp-json\/wp\/v2\/posts\/4284\/revisions"}],"predecessor-version":[{"id":4286,"href":"https:\/\/lagumex.mx\/index\/wp-json\/wp\/v2\/posts\/4284\/revisions\/4286"}],"wp:featuredmedia":[{"embeddable":true,"href":"https:\/\/lagumex.mx\/index\/wp-json\/wp\/v2\/media\/4285"}],"wp:attachment":[{"href":"https:\/\/lagumex.mx\/index\/wp-json\/wp\/v2\/media?parent=4284"}],"wp:term":[{"taxonomy":"category","embeddable":true,"href":"https:\/\/lagumex.mx\/index\/wp-json\/wp\/v2\/categories?post=4284"},{"taxonomy":"post_tag","embeddable":true,"href":"https:\/\/lagumex.mx\/index\/wp-json\/wp\/v2\/tags?post=4284"}],"curies":[{"name":"wp","href":"https:\/\/api.w.org\/{rel}","templated":true}]}}