{"id":428,"date":"2023-06-17T18:33:00","date_gmt":"2023-06-17T18:33:00","guid":{"rendered":"http:\/\/lagumex.mx\/index\/?p=428"},"modified":"2023-07-01T18:42:53","modified_gmt":"2023-07-01T18:42:53","slug":"impartiran-platica-de-sexualidad-a-ninos-de-primaria-y-secundaria","status":"publish","type":"post","link":"https:\/\/lagumex.mx\/index\/lerdo\/impartiran-platica-de-sexualidad-a-ninos-de-primaria-y-secundaria\/","title":{"rendered":"Impartir\u00e1n pl\u00e1tica de sexualidad a ni\u00f1os de primaria y secundaria"},"content":{"rendered":"\n<p>17 de junio de 2023. El Instituto Municipal de la Juventud en Lerdo, en coordinaci\u00f3n con la Asociaci\u00f3n Civil Fundaci\u00f3n Kim-Allison, imparti\u00f3 una pl\u00e1tica de sexualidad, en el teatro de la Casa de la Cultura, dirigida a ni\u00f1os de sexto grado de primaria y primero de secundaria, del Colegio Escoc\u00e9s.<\/p>\n\n\n\n<p>La psic\u00f3loga Flor Iveth Alvarado Guti\u00e9rrez, del Instituto de la Juventud, en nombre del director, comparti\u00f3 que, enfocados por prevenir los riesgos a la salud de la poblaci\u00f3n juvenil, se realizan acciones para informar y proteger a ni\u00f1os y j\u00f3venes, gracias a la instrucci\u00f3n del presidente municipal, Homero Mart\u00ednez Cabrera.<\/p>\n\n\n\n<p>En seguida, la fundadora de la asociaci\u00f3n civil Kim-Allison, la licenciada Lucy Olvera, agradeci\u00f3 el respaldo del Instituto y comparti\u00f3 que, durante esta semana, se realiza la Jornada de Bienestar Juvenil en el teatro, donde se impartir\u00e1n diversas pl\u00e1ticas y actividades para nutrir y fortalecer el conocimiento de los ni\u00f1os de 11 a 16 a\u00f1os.<\/p>\n","protected":false},"excerpt":{"rendered":"<p>17 de junio de 2023. El Instituto Municipal de la Juventud en Lerdo, en coordinaci\u00f3n con la Asociaci\u00f3n Civil Fundaci\u00f3n Kim-Allison, imparti\u00f3 una pl\u00e1tica de sexualidad, en el teatro de la Casa de la Cultura, dirigida a ni\u00f1os de sexto grado de primaria y primero de secundaria, del Colegio Escoc\u00e9s. La psic\u00f3loga Flor Iveth Alvarado&#8230;<\/p>\n","protected":false},"author":1,"featured_media":0,"comment_status":"open","ping_status":"open","sticky":false,"template":"","format":"standard","meta":{"footnotes":""},"categories":[3],"tags":[],"class_list":["post-428","post","type-post","status-publish","format-standard","hentry","category-lerdo"],"_links":{"self":[{"href":"https:\/\/lagumex.mx\/index\/wp-json\/wp\/v2\/posts\/428","targetHints":{"allow":["GET"]}}],"collection":[{"href":"https:\/\/lagumex.mx\/index\/wp-json\/wp\/v2\/posts"}],"about":[{"href":"https:\/\/lagumex.mx\/index\/wp-json\/wp\/v2\/types\/post"}],"author":[{"embeddable":true,"href":"https:\/\/lagumex.mx\/index\/wp-json\/wp\/v2\/users\/1"}],"replies":[{"embeddable":true,"href":"https:\/\/lagumex.mx\/index\/wp-json\/wp\/v2\/comments?post=428"}],"version-history":[{"count":1,"href":"https:\/\/lagumex.mx\/index\/wp-json\/wp\/v2\/posts\/428\/revisions"}],"predecessor-version":[{"id":429,"href":"https:\/\/lagumex.mx\/index\/wp-json\/wp\/v2\/posts\/428\/revisions\/429"}],"wp:attachment":[{"href":"https:\/\/lagumex.mx\/index\/wp-json\/wp\/v2\/media?parent=428"}],"wp:term":[{"taxonomy":"category","embeddable":true,"href":"https:\/\/lagumex.mx\/index\/wp-json\/wp\/v2\/categories?post=428"},{"taxonomy":"post_tag","embeddable":true,"href":"https:\/\/lagumex.mx\/index\/wp-json\/wp\/v2\/tags?post=428"}],"curies":[{"name":"wp","href":"https:\/\/api.w.org\/{rel}","templated":true}]}}