{"id":4272,"date":"2025-10-16T19:28:21","date_gmt":"2025-10-16T19:28:21","guid":{"rendered":"https:\/\/lagumex.mx\/index\/?p=4272"},"modified":"2025-10-30T19:29:31","modified_gmt":"2025-10-30T19:29:31","slug":"propone-susy-torrecillas-instalacion-de-mas-camaras-de-seguridad-en-los-accesos-principales-de-lerdo","status":"publish","type":"post","link":"https:\/\/lagumex.mx\/index\/lerdo\/propone-susy-torrecillas-instalacion-de-mas-camaras-de-seguridad-en-los-accesos-principales-de-lerdo\/","title":{"rendered":"Propone Susy Torrecillas instalaci\u00f3n de m\u00e1s c\u00e1maras de seguridad en los accesos principales de Lerdo"},"content":{"rendered":"\n<p>16 de octubre de 2025.- Para reforzar a\u00fan m\u00e1s la seguridad a en los accesos principales de ciudad Lerdo, la alcaldesa Susy Torrecillas anunci\u00f3 que buscar\u00e1 un financiamiento para la instalaci\u00f3n de c\u00e1maras de vigilancia, las cuales ser\u00e1n interconectadas al sistema municipal as\u00ed como al Centro de Control, Comando, Comunicaciones y C\u00f3mputo C4.<\/p>\n\n\n\n<p>Esta medida se sumar\u00eda a la instalaci\u00f3n de filtros de seguridad que mantienen en accesos como en Le\u00f3n Guzm\u00e1n y el Huarache. <\/p>\n\n\n\n<blockquote class=\"wp-block-quote is-layout-flow wp-block-quote-is-layout-flow\">\n<p>\u201cYo soy promotora de esos filtros\u2026 y vamos a fortalecer el Sistema de Monitoreo Municipal (Simom) con la instalaci\u00f3n de c\u00e1maras, quiz\u00e1 pueda conseguir alg\u00fan financiamiento para hacerlo pronto y pagarlo hasta el pr\u00f3ximo a\u00f1o pero si quiero poner c\u00e1maras no precisamente una barrera pero si c\u00e1maras en todas las entradas de Lerdo y que est\u00e9n interconectadas a este sistema y despu\u00e9s al C4 porque s\u00ed tenemos que cuidar nuestras fronteras pero no quiero que se satanice que en Coahuila bien y en Durango no\u201d , dijo la edil. <\/p>\n\n\n\n<p>Torrecillas anunci\u00f3 que al ser una zona Metropolitana en la que personas de Lerdo trabajan en Torre\u00f3n y hacen su vida en G\u00f3mez Palacio, se debe tener uni\u00f3n por lo que habr\u00e1 de solicitar un encuentro con sus hom\u00f3logos Toman Alberto Cepeda y Betzab\u00e9 Mart\u00ednez, respectivamente para abordar el tema de seguridad.<\/p>\n<\/blockquote>\n","protected":false},"excerpt":{"rendered":"<p>16 de octubre de 2025.- Para reforzar a\u00fan m\u00e1s la seguridad a en los accesos principales de ciudad Lerdo, la alcaldesa Susy Torrecillas anunci\u00f3 que buscar\u00e1 un financiamiento para la instalaci\u00f3n de c\u00e1maras de vigilancia, las cuales ser\u00e1n interconectadas al sistema municipal as\u00ed como al Centro de Control, Comando, Comunicaciones y C\u00f3mputo C4. Esta medida&#8230;<\/p>\n","protected":false},"author":1,"featured_media":4273,"comment_status":"open","ping_status":"open","sticky":false,"template":"","format":"standard","meta":{"footnotes":""},"categories":[3],"tags":[],"class_list":["post-4272","post","type-post","status-publish","format-standard","has-post-thumbnail","hentry","category-lerdo"],"_links":{"self":[{"href":"https:\/\/lagumex.mx\/index\/wp-json\/wp\/v2\/posts\/4272","targetHints":{"allow":["GET"]}}],"collection":[{"href":"https:\/\/lagumex.mx\/index\/wp-json\/wp\/v2\/posts"}],"about":[{"href":"https:\/\/lagumex.mx\/index\/wp-json\/wp\/v2\/types\/post"}],"author":[{"embeddable":true,"href":"https:\/\/lagumex.mx\/index\/wp-json\/wp\/v2\/users\/1"}],"replies":[{"embeddable":true,"href":"https:\/\/lagumex.mx\/index\/wp-json\/wp\/v2\/comments?post=4272"}],"version-history":[{"count":1,"href":"https:\/\/lagumex.mx\/index\/wp-json\/wp\/v2\/posts\/4272\/revisions"}],"predecessor-version":[{"id":4274,"href":"https:\/\/lagumex.mx\/index\/wp-json\/wp\/v2\/posts\/4272\/revisions\/4274"}],"wp:featuredmedia":[{"embeddable":true,"href":"https:\/\/lagumex.mx\/index\/wp-json\/wp\/v2\/media\/4273"}],"wp:attachment":[{"href":"https:\/\/lagumex.mx\/index\/wp-json\/wp\/v2\/media?parent=4272"}],"wp:term":[{"taxonomy":"category","embeddable":true,"href":"https:\/\/lagumex.mx\/index\/wp-json\/wp\/v2\/categories?post=4272"},{"taxonomy":"post_tag","embeddable":true,"href":"https:\/\/lagumex.mx\/index\/wp-json\/wp\/v2\/tags?post=4272"}],"curies":[{"name":"wp","href":"https:\/\/api.w.org\/{rel}","templated":true}]}}