{"id":4263,"date":"2025-10-29T19:21:15","date_gmt":"2025-10-29T19:21:15","guid":{"rendered":"https:\/\/lagumex.mx\/index\/?p=4263"},"modified":"2025-10-30T19:22:00","modified_gmt":"2025-10-30T19:22:00","slug":"presa-tunal-ii-resultado-del-trabajo-en-equipo-ernesto-alanis","status":"publish","type":"post","link":"https:\/\/lagumex.mx\/index\/uncategorized\/congreso-de-durango\/presa-tunal-ii-resultado-del-trabajo-en-equipo-ernesto-alanis\/","title":{"rendered":"Presa Tunal II, resultado del trabajo en equipo: Ernesto Alan\u00eds"},"content":{"rendered":"\n<p>29 de octubre de 2025.- Al celebrar el inicio de la construcci\u00f3n de la presa Tunal II, el presidente de la Junta de Gobierno y Coordinaci\u00f3n Pol\u00edtica, Ernesto Alan\u00eds Herrera, afirm\u00f3 que esta magna obra es resultado del trabajo en equipo, la cual representa agua potable para los pr\u00f3ximos 50 a\u00f1os, la cual detonar\u00e1 el desarrollo econ\u00f3mico y social de Durango.<\/p>\n\n\n\n<p>\u201cReconozco la voluntad pol\u00edtica de la presidenta Claudia Sheinbaum y del gobernador Esteban Villegas Villarreal, quienes han demostrado que cuando se trabaja sin intereses partidistas, los resultados llegan en beneficio de la ciudadan\u00eda\u201d, puntualiz\u00f3 el legislador.<\/p>\n\n\n\n<p>En este sentido, destac\u00f3 la inversi\u00f3n hist\u00f3rica de m\u00e1s de cuatro mil millones de pesos, que garantiza agua potable las 24 horas, los siete d\u00edas de la semana, para los pr\u00f3ximos 50 a\u00f1os; adem\u00e1s de ser una obra anhelada por los duranguenses durante m\u00e1s de siete d\u00e9cadas, que hoy se convierte en realidad gracias a la coordinaci\u00f3n entre los gobiernos federal y estatal.<\/p>\n\n\n\n<p>En entrevista, subray\u00f3 que esta obra marca un antes y un despu\u00e9s en la historia de la capital duranguense, ya que permitir\u00e1 mejorar la calidad de vida de las familias, fortalecer la salud p\u00fablica, impulsar la productividad y atraer nuevas inversiones; la cual han puesto a Durango en los ojos del pa\u00eds.<\/p>\n\n\n\n<p>\u201cEl desarrollo de las ciudades modernas depende del acceso al agua, la energ\u00eda, la tierra, la mano de obra y las capacidades locales. Con esta obra, Durango se perfila hacia una nueva etapa de crecimiento y bienestar\u201d, resalt\u00f3 Alan\u00eds Herrera al agregar que tambi\u00e9n se contempla una planta de bombeo y un acueducto.<\/p>\n\n\n\n<p>Asimismo, destac\u00f3 que el proyecto generar\u00e1 m\u00e1s de mil 400 empleos directos y alrededor de dos mil 800 indirectos, lo que tendr\u00e1 un impacto positivo en la econom\u00eda local y en la derrama de recursos en la regi\u00f3n.<\/p>\n\n\n\n<p>En materia ambiental y agr\u00edcola, resalt\u00f3 que la obra permitir\u00e1 recuperar los mantos acu\u00edferos, al reducir la extracci\u00f3n de agua de pozos, lo que a su vez mejorar\u00e1 las condiciones del campo y fortalecer\u00e1 la producci\u00f3n agr\u00edcola.<\/p>\n\n\n\n<p>\u201cDesde esta legislatura estaremos para contribuir, son temas en los cuales no podemos estar ajenos, ya que Durango requiere los esfuerzos comunes para seguir adelante y seguir en el rumbo del desarrollo\u201d, finaliz\u00f3 el tambi\u00e9n coordinador del Grupo Parlamentario del PRI.<\/p>\n","protected":false},"excerpt":{"rendered":"<p>29 de octubre de 2025.- Al celebrar el inicio de la construcci\u00f3n de la presa Tunal II, el presidente de la Junta de Gobierno y Coordinaci\u00f3n Pol\u00edtica, Ernesto Alan\u00eds Herrera, afirm\u00f3 que esta magna obra es resultado del trabajo en equipo, la cual representa agua potable para los pr\u00f3ximos 50 a\u00f1os, la cual detonar\u00e1 el&#8230;<\/p>\n","protected":false},"author":1,"featured_media":4264,"comment_status":"open","ping_status":"open","sticky":false,"template":"","format":"standard","meta":{"footnotes":""},"categories":[13],"tags":[],"class_list":["post-4263","post","type-post","status-publish","format-standard","has-post-thumbnail","hentry","category-congreso-de-durango"],"_links":{"self":[{"href":"https:\/\/lagumex.mx\/index\/wp-json\/wp\/v2\/posts\/4263","targetHints":{"allow":["GET"]}}],"collection":[{"href":"https:\/\/lagumex.mx\/index\/wp-json\/wp\/v2\/posts"}],"about":[{"href":"https:\/\/lagumex.mx\/index\/wp-json\/wp\/v2\/types\/post"}],"author":[{"embeddable":true,"href":"https:\/\/lagumex.mx\/index\/wp-json\/wp\/v2\/users\/1"}],"replies":[{"embeddable":true,"href":"https:\/\/lagumex.mx\/index\/wp-json\/wp\/v2\/comments?post=4263"}],"version-history":[{"count":1,"href":"https:\/\/lagumex.mx\/index\/wp-json\/wp\/v2\/posts\/4263\/revisions"}],"predecessor-version":[{"id":4265,"href":"https:\/\/lagumex.mx\/index\/wp-json\/wp\/v2\/posts\/4263\/revisions\/4265"}],"wp:featuredmedia":[{"embeddable":true,"href":"https:\/\/lagumex.mx\/index\/wp-json\/wp\/v2\/media\/4264"}],"wp:attachment":[{"href":"https:\/\/lagumex.mx\/index\/wp-json\/wp\/v2\/media?parent=4263"}],"wp:term":[{"taxonomy":"category","embeddable":true,"href":"https:\/\/lagumex.mx\/index\/wp-json\/wp\/v2\/categories?post=4263"},{"taxonomy":"post_tag","embeddable":true,"href":"https:\/\/lagumex.mx\/index\/wp-json\/wp\/v2\/tags?post=4263"}],"curies":[{"name":"wp","href":"https:\/\/api.w.org\/{rel}","templated":true}]}}