{"id":425,"date":"2023-06-18T18:30:00","date_gmt":"2023-06-18T18:30:00","guid":{"rendered":"http:\/\/lagumex.mx\/index\/?p=425"},"modified":"2023-07-01T18:32:54","modified_gmt":"2023-07-01T18:32:54","slug":"con-acto-civico-celebran-dia-del-padre-en-lerdo","status":"publish","type":"post","link":"https:\/\/lagumex.mx\/index\/lerdo\/con-acto-civico-celebran-dia-del-padre-en-lerdo\/","title":{"rendered":"Con acto c\u00edvico, celebran D\u00eda del Padre en Lerdo"},"content":{"rendered":"\n<h2 class=\"wp-block-heading\">Este domingo, al pie del monumento alusivo al padre, ubicado en la Plazuela Ju\u00e1rez, se llev\u00f3 a cabo un acto c\u00edvico para celebrar el D\u00eda del Padre.<\/h2>\n\n\n\n<p>18 de junio de 2023. Que se festeja en el pa\u00eds el tercer domingo del mes de junio, el evento inici\u00f3 con la interpretaci\u00f3n de Las Ma\u00f1anitas, a cargo de la banda infantil y juvenil de Lerdo.<\/p>\n\n\n\n<p>En representaci\u00f3n del alcalde Homero Mart\u00ednez Cabrera, asisti\u00f3 el secretario t\u00e9cnico Ram\u00f3n Acosta, quien felicit\u00f3 a los padres que se dieron cita al acto, y en general a todos los pap\u00e1s del municipio.<\/p>\n\n\n\n<p>El jefe de museos, Baltazar Torres,&nbsp; record\u00f3 que fue el escultor&nbsp; Juan Gerardo Vander Elst Costa&nbsp; el autor de la escultura donde se realizaba la ceremonia, destacando que fue la primera con este tema en Am\u00e9rica Latina, instalada en 1997. De igual forma se refiri\u00f3 a la lagunera Carmelita Tostado, impulsora del D\u00eda del Padre, quien&nbsp; logr\u00f3 que a partir del 15 de junio de 1946 se celebrara este d\u00eda.<\/p>\n\n\n\n<p>Para este acto c\u00edvico se cont\u00f3 con la participaci\u00f3n de artistas locales, de la banda infantil y juvenil de Lerdo, adem\u00e1s la presencia de los&nbsp; regidores Maria Luisa Gonz\u00e1lez, en representaci\u00f3n de la diputada local Susy Torrecillas, Ana Mar\u00eda Dur\u00f3n, Dolores Luevanos,&nbsp; David Isai Ibarra Gayt\u00e1n; as\u00ed como la directora de Bibliotecas P\u00fablicas, Yuri Ch\u00e1vez. El evento fue organizado por la direcci\u00f3n de Educaci\u00f3n a cargo del profesor Rom\u00e1n Herrera con apoyo de la direcci\u00f3n de Cultura que dirige Ricardo Dillon.<\/p>\n","protected":false},"excerpt":{"rendered":"<p>Este domingo, al pie del monumento alusivo al padre, ubicado en la Plazuela Ju\u00e1rez, se llev\u00f3 a cabo un acto c\u00edvico para celebrar el D\u00eda del Padre. 18 de junio de 2023. Que se festeja en el pa\u00eds el tercer domingo del mes de junio, el evento inici\u00f3 con la interpretaci\u00f3n de Las Ma\u00f1anitas, a&#8230;<\/p>\n","protected":false},"author":1,"featured_media":426,"comment_status":"open","ping_status":"open","sticky":false,"template":"","format":"standard","meta":{"footnotes":""},"categories":[3],"tags":[],"class_list":["post-425","post","type-post","status-publish","format-standard","has-post-thumbnail","hentry","category-lerdo"],"_links":{"self":[{"href":"https:\/\/lagumex.mx\/index\/wp-json\/wp\/v2\/posts\/425","targetHints":{"allow":["GET"]}}],"collection":[{"href":"https:\/\/lagumex.mx\/index\/wp-json\/wp\/v2\/posts"}],"about":[{"href":"https:\/\/lagumex.mx\/index\/wp-json\/wp\/v2\/types\/post"}],"author":[{"embeddable":true,"href":"https:\/\/lagumex.mx\/index\/wp-json\/wp\/v2\/users\/1"}],"replies":[{"embeddable":true,"href":"https:\/\/lagumex.mx\/index\/wp-json\/wp\/v2\/comments?post=425"}],"version-history":[{"count":1,"href":"https:\/\/lagumex.mx\/index\/wp-json\/wp\/v2\/posts\/425\/revisions"}],"predecessor-version":[{"id":427,"href":"https:\/\/lagumex.mx\/index\/wp-json\/wp\/v2\/posts\/425\/revisions\/427"}],"wp:featuredmedia":[{"embeddable":true,"href":"https:\/\/lagumex.mx\/index\/wp-json\/wp\/v2\/media\/426"}],"wp:attachment":[{"href":"https:\/\/lagumex.mx\/index\/wp-json\/wp\/v2\/media?parent=425"}],"wp:term":[{"taxonomy":"category","embeddable":true,"href":"https:\/\/lagumex.mx\/index\/wp-json\/wp\/v2\/categories?post=425"},{"taxonomy":"post_tag","embeddable":true,"href":"https:\/\/lagumex.mx\/index\/wp-json\/wp\/v2\/tags?post=425"}],"curies":[{"name":"wp","href":"https:\/\/api.w.org\/{rel}","templated":true}]}}