{"id":4248,"date":"2025-10-22T18:48:16","date_gmt":"2025-10-22T18:48:16","guid":{"rendered":"https:\/\/lagumex.mx\/index\/?p=4248"},"modified":"2025-10-23T18:50:03","modified_gmt":"2025-10-23T18:50:03","slug":"marisol-rosso-encabeza-emotivas-esion-en-el-congreso-del-estado","status":"publish","type":"post","link":"https:\/\/lagumex.mx\/index\/uncategorized\/congreso-de-durango\/marisol-rosso-encabeza-emotivas-esion-en-el-congreso-del-estado\/","title":{"rendered":"Marisol Rosso encabeza emotivas esi\u00f3n en el Congreso del Estado"},"content":{"rendered":"\n<p>22 de octubre de 2025.- En un hecho in\u00e9dito, lleno de sensibilidad y humanidad, la presidenta del DIF Estatal, Sra. Marisol Rosso Rivera, encabez\u00f3 el Espacio Solemne que realiz\u00f3 el Congreso del Estado, donde mujeres fuertes y valientes compartieron sus testimonios de vida tras superar la lucha contra el c\u00e1ncer de mama.<\/p>\n\n\n\n<p>En el marco del D\u00eda Internacional de la Lucha contra el C\u00e1ncer de Mama, y con la calidez que la distingue, la presidenta del DIF Estatal, junto a las y los diputados locales, escucharon de viva voz las experiencias de quienes enfrentaron el dolor, la incertidumbre y la esperanza.<\/p>\n\n\n\n<p>Tras la proyecci\u00f3n de un video alusivo al tema, en la sala del Pleno llena por familiares y amigos de las sobrevivientes, Marisol Rosso, rindi\u00f3 un homenaje a todas las mujeres que han vivido esta enfermedad y expres\u00f3 su reconocimiento y admiraci\u00f3n a cada una de ellas, las cuales son guerreras inquebrantables, ejemplo de vida y esperanza para las familias duranguenses.<\/p>\n\n\n\n<p>Adem\u00e1s, reafirm\u00f3 el compromiso del DIF Estatal con la salud, la prevenci\u00f3n y el acompa\u00f1amiento humano a las familias que m\u00e1s lo necesitan.<\/p>\n\n\n\n<p>\u201cSi la mujer enferma, enferma la familia\u201d, expres\u00f3 Rosso Rivera, al recordar c\u00f3mo naci\u00f3 el programa \u201cCaf\u00e9 Rosa\u201d, una estrategia para hablar de mujer a mujer, que durante 13 a\u00f1os ha fortalecido la cultura del autocuidado y la detecci\u00f3n oportuna en todos los rincones del estado, integrando tambi\u00e9n a los hombres y a las familias en esta causa.<\/p>\n\n\n\n<p>Durante su intervenci\u00f3n, destac\u00f3 que se han dado pasos gigantes con la Cl\u00ednica Integral de la Mujer, que cuenta con servicios de rehabilitaci\u00f3n, pr\u00f3tesis y atenci\u00f3n digna para todas las pacientes; se fortaleci\u00f3 el CECAN y la Ruta Rosa con mast\u00f3grafos m\u00f3viles, pero ahora se quiere dar un paso m\u00e1s, crear un espacio digno de cuidados paliativos para acompa\u00f1ar con amor a quienes enfrentan esta enfermedad.<\/p>\n\n\n\n<p>\u201cEn Durango todos latimos con un mismo coraz\u00f3n, por nuestras madres, nuestras hijas, nuestras hermanas. Sigamos encendida la luz de la esperanza, porque cuando Durango se une, no hay meta inalcanzable\u201d, expres\u00f3 emocionada y conmovida.<\/p>\n\n\n\n<p>En su intervenci\u00f3n, Mary Itzel Tronco Garc\u00eda, docente de profesi\u00f3n, relat\u00f3 su experiencia tras perder una parte importante de su cuerpo y c\u00f3mo, gracias al apoyo del sistema p\u00fablico de salud y al rostro humano del servicio m\u00e9dico y de las enfermeras, logr\u00f3 salir adelante. \u201cEstoy aqu\u00ed porque hubo voluntad pol\u00edtica y m\u00e9dica para que los recursos llegaran a tiempo\u201d, expres\u00f3.<\/p>\n\n\n\n<p>A su vez, Juana Mar\u00eda \u00c1vila Ram\u00edrez ofreci\u00f3 un mensaje de esperanza y fe. \u201cSi pudimos, ustedes tambi\u00e9n pueden\u201d. Record\u00f3 los momentos m\u00e1s dif\u00edciles de su diagn\u00f3stico, tras la p\u00e9rdida de seres queridos, y c\u00f3mo decidi\u00f3 vivir dejando a un lado el miedo. \u201cDuele m\u00e1s perder la vida y la familia que el dolor de una revisi\u00f3n\u201d, comparti\u00f3 con valent\u00eda.<\/p>\n\n\n\n<p>Al dar a conocer su testimonio Nathiely Cu\u00e9llar Deras, de 41 a\u00f1os, diagnosticada en 2019, narr\u00f3 c\u00f3mo la enfermedad la llev\u00f3 a escuchar su voz interior y reconstruir su cuerpo y su esp\u00edritu. \u201cNo est\u00e1n solas. Somos m\u00e1s fuertes de lo que creemos\u201d, dijo al destacar el poder del amor propio y la sororidad.<\/p>\n\n\n\n<p>A su vez, Elba Luc\u00eda Olvera Guti\u00e9rrez, originaria de Lerdo, relat\u00f3 que fue diagnosticada en etapa tres y le dieron tres meses de vida; pero con una actitud positiva dio a conocer su proceso que inicio en el 2020 y que a cinco a\u00f1os de ello puede estar plenamente sana; por lo que llamo a todos a disfrutar la vida. \u201cT\u00f3cate para que no te toque\u201d, fue su mensaje de prevenci\u00f3n.<\/p>\n","protected":false},"excerpt":{"rendered":"<p>22 de octubre de 2025.- En un hecho in\u00e9dito, lleno de sensibilidad y humanidad, la presidenta del DIF Estatal, Sra. Marisol Rosso Rivera, encabez\u00f3 el Espacio Solemne que realiz\u00f3 el Congreso del Estado, donde mujeres fuertes y valientes compartieron sus testimonios de vida tras superar la lucha contra el c\u00e1ncer de mama. En el marco&#8230;<\/p>\n","protected":false},"author":1,"featured_media":4249,"comment_status":"open","ping_status":"open","sticky":false,"template":"","format":"standard","meta":{"footnotes":""},"categories":[13],"tags":[],"class_list":["post-4248","post","type-post","status-publish","format-standard","has-post-thumbnail","hentry","category-congreso-de-durango"],"_links":{"self":[{"href":"https:\/\/lagumex.mx\/index\/wp-json\/wp\/v2\/posts\/4248","targetHints":{"allow":["GET"]}}],"collection":[{"href":"https:\/\/lagumex.mx\/index\/wp-json\/wp\/v2\/posts"}],"about":[{"href":"https:\/\/lagumex.mx\/index\/wp-json\/wp\/v2\/types\/post"}],"author":[{"embeddable":true,"href":"https:\/\/lagumex.mx\/index\/wp-json\/wp\/v2\/users\/1"}],"replies":[{"embeddable":true,"href":"https:\/\/lagumex.mx\/index\/wp-json\/wp\/v2\/comments?post=4248"}],"version-history":[{"count":1,"href":"https:\/\/lagumex.mx\/index\/wp-json\/wp\/v2\/posts\/4248\/revisions"}],"predecessor-version":[{"id":4250,"href":"https:\/\/lagumex.mx\/index\/wp-json\/wp\/v2\/posts\/4248\/revisions\/4250"}],"wp:featuredmedia":[{"embeddable":true,"href":"https:\/\/lagumex.mx\/index\/wp-json\/wp\/v2\/media\/4249"}],"wp:attachment":[{"href":"https:\/\/lagumex.mx\/index\/wp-json\/wp\/v2\/media?parent=4248"}],"wp:term":[{"taxonomy":"category","embeddable":true,"href":"https:\/\/lagumex.mx\/index\/wp-json\/wp\/v2\/categories?post=4248"},{"taxonomy":"post_tag","embeddable":true,"href":"https:\/\/lagumex.mx\/index\/wp-json\/wp\/v2\/tags?post=4248"}],"curies":[{"name":"wp","href":"https:\/\/api.w.org\/{rel}","templated":true}]}}