{"id":4214,"date":"2025-10-08T05:30:00","date_gmt":"2025-10-08T05:30:00","guid":{"rendered":"https:\/\/lagumex.mx\/index\/?p=4214"},"modified":"2025-10-08T17:33:33","modified_gmt":"2025-10-08T17:33:33","slug":"titular-de-la-policia-de-gomez-palacio-asegura-que-la-corporacion-esta-en-calma-y-descarta-manifestaciones","status":"publish","type":"post","link":"https:\/\/lagumex.mx\/index\/gomez-palacio\/titular-de-la-policia-de-gomez-palacio-asegura-que-la-corporacion-esta-en-calma-y-descarta-manifestaciones\/","title":{"rendered":"Titular de la Polic\u00eda de G\u00f3mez Palacio asegura que la corporaci\u00f3n est\u00e1 en calma y descarta manifestaciones"},"content":{"rendered":"\n<p>08 de octubre de 2025.- <strong>El titular de la Direcci\u00f3n de Seguridad y Protecci\u00f3n Ciudadana de la ciudad de G\u00f3mez Palacio, Luis Alberto V\u00e1zquez Duarte, inform\u00f3 que no tiene conocimiento sobre alguna manifestaci\u00f3n de sus elementos en pr\u00f3ximos d\u00edas tras el ataque a polic\u00edas registrado en pasado fin de semana en un filtro de revisi\u00f3n del Parque Industrial Lagunero<\/strong>. Mencion\u00f3 que con el apoyo de las distintas corporaciones de seguridad de los tres niveles de gobierno se aumentar\u00e1 la presencia de elementos en los accesos y salidas a la ciudad.<\/p>\n","protected":false},"excerpt":{"rendered":"<p>08 de octubre de 2025.- El titular de la Direcci\u00f3n de Seguridad y Protecci\u00f3n Ciudadana de la ciudad de G\u00f3mez Palacio, Luis Alberto V\u00e1zquez Duarte, inform\u00f3 que no tiene conocimiento sobre alguna manifestaci\u00f3n de sus elementos en pr\u00f3ximos d\u00edas tras el ataque a polic\u00edas registrado en pasado fin de semana en un filtro de revisi\u00f3n&#8230;<\/p>\n","protected":false},"author":1,"featured_media":4215,"comment_status":"open","ping_status":"open","sticky":false,"template":"","format":"standard","meta":{"footnotes":""},"categories":[12],"tags":[],"class_list":["post-4214","post","type-post","status-publish","format-standard","has-post-thumbnail","hentry","category-gomez-palacio"],"_links":{"self":[{"href":"https:\/\/lagumex.mx\/index\/wp-json\/wp\/v2\/posts\/4214","targetHints":{"allow":["GET"]}}],"collection":[{"href":"https:\/\/lagumex.mx\/index\/wp-json\/wp\/v2\/posts"}],"about":[{"href":"https:\/\/lagumex.mx\/index\/wp-json\/wp\/v2\/types\/post"}],"author":[{"embeddable":true,"href":"https:\/\/lagumex.mx\/index\/wp-json\/wp\/v2\/users\/1"}],"replies":[{"embeddable":true,"href":"https:\/\/lagumex.mx\/index\/wp-json\/wp\/v2\/comments?post=4214"}],"version-history":[{"count":1,"href":"https:\/\/lagumex.mx\/index\/wp-json\/wp\/v2\/posts\/4214\/revisions"}],"predecessor-version":[{"id":4216,"href":"https:\/\/lagumex.mx\/index\/wp-json\/wp\/v2\/posts\/4214\/revisions\/4216"}],"wp:featuredmedia":[{"embeddable":true,"href":"https:\/\/lagumex.mx\/index\/wp-json\/wp\/v2\/media\/4215"}],"wp:attachment":[{"href":"https:\/\/lagumex.mx\/index\/wp-json\/wp\/v2\/media?parent=4214"}],"wp:term":[{"taxonomy":"category","embeddable":true,"href":"https:\/\/lagumex.mx\/index\/wp-json\/wp\/v2\/categories?post=4214"},{"taxonomy":"post_tag","embeddable":true,"href":"https:\/\/lagumex.mx\/index\/wp-json\/wp\/v2\/tags?post=4214"}],"curies":[{"name":"wp","href":"https:\/\/api.w.org\/{rel}","templated":true}]}}