{"id":4193,"date":"2025-10-04T18:38:31","date_gmt":"2025-10-04T18:38:31","guid":{"rendered":"https:\/\/lagumex.mx\/index\/?p=4193"},"modified":"2025-10-05T18:41:23","modified_gmt":"2025-10-05T18:41:23","slug":"arranca-obra-de-rehabilitacion-de-avenida-alfonso-sanchez-en-gomez-palacio","status":"publish","type":"post","link":"https:\/\/lagumex.mx\/index\/gomez-palacio\/arranca-obra-de-rehabilitacion-de-avenida-alfonso-sanchez-en-gomez-palacio\/","title":{"rendered":"Arranca obra de rehabilitaci\u00f3n de avenida Alfonso S\u00e1nchez en G\u00f3mez Palacio"},"content":{"rendered":"\n<p>04 de octubre de 2025.- <strong>Este viernes arranc\u00f3 la rehabilitaci\u00f3n del pavimento en la avenida Alfonso S\u00e1nchez, entre la avenida Chapala y la calle 15 de la colonia Fidel Vel\u00e1zquez. En esta zona se aplicar\u00e1 una inversi\u00f3n de un mill\u00f3n 875 mil pesos.<\/strong> El evento fue presidido por la<strong>\u00a0alcaldesa de G\u00f3mez Palacio, Betzab\u00e9 Mart\u00ednez Arango,\u00a0<\/strong>y por el gobernador de la entidad, Esteban Villegas, quien tuvo una gira de trabajo en La Laguna.El\u00a0<strong>director municipal de Obras P\u00fablicas del municipio de G\u00f3mez Palacio, Tom\u00e1s Galv\u00e1n Camacho,<\/strong>\u00a0inform\u00f3 que el \u00e1rea sobre la cual se trabajar\u00e1 es un tramo de casi 400 metros con una superficie de 350 metros cuadrados, e incluir\u00e1n la reposici\u00f3n de base hidr\u00e1ulica, carpeta asf\u00e1ltica y se\u00f1al\u00e9tica y que inicialmente se contempla la limpieza general del \u00e1rea, colocaci\u00f3n de una base hidr\u00e1ulica de 20 cent\u00edmetros de grosor, seguida de una carpeta asf\u00e1ltica de 6 cent\u00edmetros de espesor.<em>\u201cNo va a tardar m\u00e1s de 10 d\u00edas o dos semanas y reforzaremos la seguridad vial con se\u00f1al\u00e9tica horizontal y vertical\u201d,\u00a0<\/em>asegur\u00f3 Galv\u00e1n, quien inform\u00f3 que hay otras \u00e1reas que pavimentar\u00e1n en este mismo sector como la calle Blas Chumacero, de la misma colonia Fidel Vel\u00e1zquez, la avenida Central de la colonia Valle de Chapala y otras mas retiradas de ese punto como la calle Morelos en el Centro de la ciudad, la calles M\u00e9xico de la colonia Francisco Villa y la Prolongaci\u00f3n Auza, en el sector habitacional de El FOCEP.<\/p>\n\n\n\n<pre id=\"notaB2\" class=\"wp-block-preformatted\"><\/pre>\n","protected":false},"excerpt":{"rendered":"<p>04 de octubre de 2025.- Este viernes arranc\u00f3 la rehabilitaci\u00f3n del pavimento en la avenida Alfonso S\u00e1nchez, entre la avenida Chapala y la calle 15 de la colonia Fidel Vel\u00e1zquez. En esta zona se aplicar\u00e1 una inversi\u00f3n de un mill\u00f3n 875 mil pesos. El evento fue presidido por la\u00a0alcaldesa de G\u00f3mez Palacio, Betzab\u00e9 Mart\u00ednez Arango,\u00a0y&#8230;<\/p>\n","protected":false},"author":1,"featured_media":4194,"comment_status":"open","ping_status":"open","sticky":false,"template":"","format":"standard","meta":{"footnotes":""},"categories":[12],"tags":[],"class_list":["post-4193","post","type-post","status-publish","format-standard","has-post-thumbnail","hentry","category-gomez-palacio"],"_links":{"self":[{"href":"https:\/\/lagumex.mx\/index\/wp-json\/wp\/v2\/posts\/4193","targetHints":{"allow":["GET"]}}],"collection":[{"href":"https:\/\/lagumex.mx\/index\/wp-json\/wp\/v2\/posts"}],"about":[{"href":"https:\/\/lagumex.mx\/index\/wp-json\/wp\/v2\/types\/post"}],"author":[{"embeddable":true,"href":"https:\/\/lagumex.mx\/index\/wp-json\/wp\/v2\/users\/1"}],"replies":[{"embeddable":true,"href":"https:\/\/lagumex.mx\/index\/wp-json\/wp\/v2\/comments?post=4193"}],"version-history":[{"count":1,"href":"https:\/\/lagumex.mx\/index\/wp-json\/wp\/v2\/posts\/4193\/revisions"}],"predecessor-version":[{"id":4195,"href":"https:\/\/lagumex.mx\/index\/wp-json\/wp\/v2\/posts\/4193\/revisions\/4195"}],"wp:featuredmedia":[{"embeddable":true,"href":"https:\/\/lagumex.mx\/index\/wp-json\/wp\/v2\/media\/4194"}],"wp:attachment":[{"href":"https:\/\/lagumex.mx\/index\/wp-json\/wp\/v2\/media?parent=4193"}],"wp:term":[{"taxonomy":"category","embeddable":true,"href":"https:\/\/lagumex.mx\/index\/wp-json\/wp\/v2\/categories?post=4193"},{"taxonomy":"post_tag","embeddable":true,"href":"https:\/\/lagumex.mx\/index\/wp-json\/wp\/v2\/tags?post=4193"}],"curies":[{"name":"wp","href":"https:\/\/api.w.org\/{rel}","templated":true}]}}