{"id":4174,"date":"2025-09-22T10:19:00","date_gmt":"2025-09-22T10:19:00","guid":{"rendered":"https:\/\/lagumex.mx\/index\/?p=4174"},"modified":"2025-09-23T22:21:51","modified_gmt":"2025-09-23T22:21:51","slug":"llega-a-torreon-el-festival-literario-de-autoras-celebra-el-primer-aniversario-de-otroras","status":"publish","type":"post","link":"https:\/\/lagumex.mx\/index\/uncategorized\/uac\/uac-uac\/coahuila-coahuila\/llega-a-torreon-el-festival-literario-de-autoras-celebra-el-primer-aniversario-de-otroras\/","title":{"rendered":"Llega a Torre\u00f3n el Festival Literario de Autoras celebra el primer aniversario de Otroras"},"content":{"rendered":"\n<p>22 de septiembre de 2025, <strong>Torre\u00f3n, Coahuila de Zaragoza<\/strong>.- Con el prop\u00f3sito de visibilizar y celebrar la literatura escrita por mujeres, las integrantes del proyecto cultural Otroras organizan la primera edici\u00f3n del Festival Literario de Autoras, un encuentro cultural que conmemora su primer aniversario y que reunir\u00e1 a escritoras locales, regionales y nacionales los d\u00edas 2 y 3 de octubre en el \u00c1gora de la Biblioteca de la Universidad Iberoamericana Torre\u00f3n, con entrada gratuita.<\/p>\n\n\n\n<p>El festival busca consolidar un espacio de di\u00e1logo y reflexi\u00f3n en torno a la palabra femenina, as\u00ed como rendir homenaje a autoras cuya trayectoria ha marcado el panorama literario, por lo que reunir\u00e1 a m\u00e1s de una veintena de autoras nacionales, regionales y locales de amplia trayectoria y reconocimiento. La programaci\u00f3n incluye charlas, mesas redondas, presentaciones de libros, conversatorios virtuales, homenajes y una antolog\u00eda literaria, con entrada libre para todo p\u00fablico. Con ello, el festival busca consolidarse como un referente literario y cultural en la regi\u00f3n Laguna y en el norte de M\u00e9xico.<\/p>\n\n\n\n<p>Otroras es un proyecto cultural independiente dedicado a visibilizar exclusivamente la literatura escrita por mujeres. Desde su fundaci\u00f3n, ha impulsado la creaci\u00f3n de espacios de lectura, di\u00e1logo y encuentro que buscan ampliar la presencia de las autoras en el panorama literario. Adem\u00e1s, mantiene un compromiso social al promover la lectura como herramienta de acompa\u00f1amiento y transformaci\u00f3n en mujeres, ni\u00f1as y ni\u00f1os que han vivido situaciones de violencia, contribuyendo a su fortalecimiento emocional y comunitario a trav\u00e9s de la palabra escrita.<\/p>\n\n\n\n<p>Al respecto, Salvador \u00c1lvarez, subsecretario de Cultura del Estado de Coahuila, destac\u00f3 que este tipo de iniciativas son fundamentales para reconocer y proyectar el talento de las escritoras de la regi\u00f3n y del pa\u00eds. \u201cEl Festival Literario de Autoras no solo celebra la creaci\u00f3n literaria femenina, tambi\u00e9n nos invita a reflexionar sobre la importancia de abrir m\u00e1s espacios para que las voces de las mujeres sean escuchadas y valoradas. Con ello, fortalecemos el desarrollo literario en Coahuila y contribuimos a una cultura m\u00e1s incluyente, diversa y equitativa\u201d, se\u00f1al\u00f3.<\/p>\n","protected":false},"excerpt":{"rendered":"<p>22 de septiembre de 2025, Torre\u00f3n, Coahuila de Zaragoza.- Con el prop\u00f3sito de visibilizar y celebrar la literatura escrita por mujeres, las integrantes del proyecto cultural Otroras organizan la primera edici\u00f3n del Festival Literario de Autoras, un encuentro cultural que conmemora su primer aniversario y que reunir\u00e1 a escritoras locales, regionales y nacionales los d\u00edas&#8230;<\/p>\n","protected":false},"author":1,"featured_media":4175,"comment_status":"open","ping_status":"open","sticky":false,"template":"","format":"standard","meta":{"footnotes":""},"categories":[2],"tags":[],"class_list":["post-4174","post","type-post","status-publish","format-standard","has-post-thumbnail","hentry","category-coahuila-coahuila"],"_links":{"self":[{"href":"https:\/\/lagumex.mx\/index\/wp-json\/wp\/v2\/posts\/4174","targetHints":{"allow":["GET"]}}],"collection":[{"href":"https:\/\/lagumex.mx\/index\/wp-json\/wp\/v2\/posts"}],"about":[{"href":"https:\/\/lagumex.mx\/index\/wp-json\/wp\/v2\/types\/post"}],"author":[{"embeddable":true,"href":"https:\/\/lagumex.mx\/index\/wp-json\/wp\/v2\/users\/1"}],"replies":[{"embeddable":true,"href":"https:\/\/lagumex.mx\/index\/wp-json\/wp\/v2\/comments?post=4174"}],"version-history":[{"count":1,"href":"https:\/\/lagumex.mx\/index\/wp-json\/wp\/v2\/posts\/4174\/revisions"}],"predecessor-version":[{"id":4176,"href":"https:\/\/lagumex.mx\/index\/wp-json\/wp\/v2\/posts\/4174\/revisions\/4176"}],"wp:featuredmedia":[{"embeddable":true,"href":"https:\/\/lagumex.mx\/index\/wp-json\/wp\/v2\/media\/4175"}],"wp:attachment":[{"href":"https:\/\/lagumex.mx\/index\/wp-json\/wp\/v2\/media?parent=4174"}],"wp:term":[{"taxonomy":"category","embeddable":true,"href":"https:\/\/lagumex.mx\/index\/wp-json\/wp\/v2\/categories?post=4174"},{"taxonomy":"post_tag","embeddable":true,"href":"https:\/\/lagumex.mx\/index\/wp-json\/wp\/v2\/tags?post=4174"}],"curies":[{"name":"wp","href":"https:\/\/api.w.org\/{rel}","templated":true}]}}