{"id":4170,"date":"2025-08-05T15:41:53","date_gmt":"2025-08-05T15:41:53","guid":{"rendered":"https:\/\/lagumex.mx\/index\/?p=4170"},"modified":"2025-08-12T15:43:01","modified_gmt":"2025-08-12T15:43:01","slug":"impulsa-octavio-adame-mayor-seguridad-para-motociclistas","status":"publish","type":"post","link":"https:\/\/lagumex.mx\/index\/uncategorized\/congreso-de-durango\/impulsa-octavio-adame-mayor-seguridad-para-motociclistas\/","title":{"rendered":"Impulsa Octavio Adame mayor seguridad para motociclistas"},"content":{"rendered":"\n<p>05 de agosto de 2025.- El diputado Octavio Ulises Adame de la Fuente, presidente de la Comisi\u00f3n de Tr\u00e1nsito y Transporte del Congreso del Estado, present\u00f3 la iniciativa de reforma a la Ley de Tr\u00e1nsito para los Municipios del Estado, con el objetivo de salvaguardar la integridad de quienes transitan en motocicleta en calles y carreteras del estado.<\/p>\n\n\n\n<p>\u201cLa realidad es clara y alarmante; necesitamos una ley estatal que armonice los reglamentos municipales, que brinde certeza jur\u00eddica y que priorice la vida y seguridad de quienes se transportan en motocicleta\u201d, afirm\u00f3 Adame, al hacer un llamado a sus compa\u00f1eras y compa\u00f1eros legisladores para avanzar en la protecci\u00f3n de la ciudadan\u00eda.<\/p>\n\n\n\n<p>El tambi\u00e9n integrante del grupo parlamentario de Morena explic\u00f3 que la propuesta contempla dos ejes centrales; prohibir el traslado de m\u00e1s de un acompa\u00f1ante en motocicletas, sin importar su edad o complexi\u00f3n, y establecer como obligatorio el uso de equipo de protecci\u00f3n m\u00ednimo para los conductores, que incluya casco certificado, chaleco reflejante, guantes, coderas y rodilleras.<\/p>\n\n\n\n<p>\u201cNo se trata de un simple tr\u00e1mite, sino de fomentar una cultura de responsabilidad y prevenci\u00f3n\u201d, se\u00f1al\u00f3 Adame de la Fuente.<\/p>\n\n\n\n<p>Subray\u00f3 que actualmente existen reglamentos municipales que regulan el uso de motocicletas, pero que estos son parciales, muchas veces ignorados por la ciudadan\u00eda y carentes de fuerza legal. \u201cLa falta de normativas claras ha provocado accidentes evitables, dejando a su paso v\u00edctimas fatales, entre ellas menores de edad\u201d, recalc\u00f3.<\/p>\n\n\n\n<p>El legislador record\u00f3 que tan solo en el a\u00f1o 2024 m\u00e1s de 100 personas han perdido la vida a bordo de una motocicleta, y cit\u00f3 como ejemplo reciente el fallecimiento de un conductor tras impactarse contra una unidad de la Secretar\u00eda de Seguridad P\u00fablica.<\/p>\n\n\n\n<p>En este contexto, tambi\u00e9n hizo referencia a la reforma aprobada por la C\u00e1mara de Diputados a la Ley General de Movilidad y Seguridad Vial, que busca prohibir que menores de 12 a\u00f1os viajen en motocicleta si no pueden sostenerse adecuadamente.<\/p>\n\n\n\n<p>Finalmente, expres\u00f3 que la regi\u00f3n Laguna de Durango es una de las m\u00e1s afectadas por la falta de cumplimiento de normas b\u00e1sicas de tr\u00e1nsito, donde muchas personas circulan sin casco ni protecci\u00f3n.<\/p>\n","protected":false},"excerpt":{"rendered":"<p>05 de agosto de 2025.- El diputado Octavio Ulises Adame de la Fuente, presidente de la Comisi\u00f3n de Tr\u00e1nsito y Transporte del Congreso del Estado, present\u00f3 la iniciativa de reforma a la Ley de Tr\u00e1nsito para los Municipios del Estado, con el objetivo de salvaguardar la integridad de quienes transitan en motocicleta en calles y&#8230;<\/p>\n","protected":false},"author":1,"featured_media":4171,"comment_status":"open","ping_status":"open","sticky":false,"template":"","format":"standard","meta":{"footnotes":""},"categories":[13],"tags":[],"class_list":["post-4170","post","type-post","status-publish","format-standard","has-post-thumbnail","hentry","category-congreso-de-durango"],"_links":{"self":[{"href":"https:\/\/lagumex.mx\/index\/wp-json\/wp\/v2\/posts\/4170","targetHints":{"allow":["GET"]}}],"collection":[{"href":"https:\/\/lagumex.mx\/index\/wp-json\/wp\/v2\/posts"}],"about":[{"href":"https:\/\/lagumex.mx\/index\/wp-json\/wp\/v2\/types\/post"}],"author":[{"embeddable":true,"href":"https:\/\/lagumex.mx\/index\/wp-json\/wp\/v2\/users\/1"}],"replies":[{"embeddable":true,"href":"https:\/\/lagumex.mx\/index\/wp-json\/wp\/v2\/comments?post=4170"}],"version-history":[{"count":1,"href":"https:\/\/lagumex.mx\/index\/wp-json\/wp\/v2\/posts\/4170\/revisions"}],"predecessor-version":[{"id":4172,"href":"https:\/\/lagumex.mx\/index\/wp-json\/wp\/v2\/posts\/4170\/revisions\/4172"}],"wp:featuredmedia":[{"embeddable":true,"href":"https:\/\/lagumex.mx\/index\/wp-json\/wp\/v2\/media\/4171"}],"wp:attachment":[{"href":"https:\/\/lagumex.mx\/index\/wp-json\/wp\/v2\/media?parent=4170"}],"wp:term":[{"taxonomy":"category","embeddable":true,"href":"https:\/\/lagumex.mx\/index\/wp-json\/wp\/v2\/categories?post=4170"},{"taxonomy":"post_tag","embeddable":true,"href":"https:\/\/lagumex.mx\/index\/wp-json\/wp\/v2\/tags?post=4170"}],"curies":[{"name":"wp","href":"https:\/\/api.w.org\/{rel}","templated":true}]}}