{"id":4164,"date":"2025-08-11T15:38:10","date_gmt":"2025-08-11T15:38:10","guid":{"rendered":"https:\/\/lagumex.mx\/index\/?p=4164"},"modified":"2025-08-12T15:39:05","modified_gmt":"2025-08-12T15:39:05","slug":"octavio-adame-impulsa-liderazgo-y-motivacion-entre-los-jovenes","status":"publish","type":"post","link":"https:\/\/lagumex.mx\/index\/uncategorized\/congreso-de-durango\/octavio-adame-impulsa-liderazgo-y-motivacion-entre-los-jovenes\/","title":{"rendered":"Octavio Adame impulsa liderazgo y motivaci\u00f3n entre los j\u00f3venes"},"content":{"rendered":"\n<p>11 de agosto de 2025.- \u201cPodemos salir adelante a trav\u00e9s del liderazgo, la motivaci\u00f3n y el trabajo\u201d, afirm\u00f3 el diputado Octavio Ulises Adame de la Fuente al inaugurar el Foro \u201cJuventud que Inspira\u201d, el cual promovi\u00f3 en colaboraci\u00f3n con el Centro Universitario Triling\u00fce (CUT Laguna).<\/p>\n\n\n\n<p>El evento, dise\u00f1ado especialmente para la juventud duranguense, tuvo como objetivo ser un espacio para inspirar, compartir y construir, con la participaci\u00f3n de destacados ponentes que abordaron temas como emprendimiento, experiencias de vida y liderazgo.<\/p>\n\n\n\n<p>El tambi\u00e9n presidente de la Comisi\u00f3n de la Juventud y el Deporte, en el Congreso del Estado, destac\u00f3 que el foro naci\u00f3 con el prop\u00f3sito de ofrecer a los j\u00f3venes un espacio trascendental donde puedan escuchar, interactuar y aprender de l\u00edderes en diferentes \u00e1mbitos, desde la pol\u00edtica y la educaci\u00f3n, hasta el deporte, la cultura y el emprendimiento.<\/p>\n\n\n\n<p>\u201cCreemos en tu voz, en tu visi\u00f3n y en tu capacidad para transformar\u201d, fue el mensaje central con el que se motiv\u00f3 a los asistentes a participar activamente en el desarrollo de su comunidad.<\/p>\n\n\n\n<p>Entre los ponentes sobresalieron la Dra. Lisbeth Velasco Legoft, reconocida conferencista y catedr\u00e1tica nacional e internacional; el Mtro. Alan H. Cort\u00e9s Favila, director del CUT Laguna; David Reyes Vega, especialista en historia y cultura; un investigador del Instituto Polit\u00e9cnico Nacional experto en inteligencia artificial; y empresarios locales que compartieron su visi\u00f3n sobre el papel de la juventud en la transformaci\u00f3n social.<\/p>\n\n\n\n<p>Adem\u00e1s de las conferencias magistrales, el foro propici\u00f3 un espacio de di\u00e1logo abierto donde los participantes pudieron intercambiar ideas con los ponentes, exponer sus inquietudes y proponer proyectos para el fortalecimiento de la juventud duranguense. La iniciativa fue bien recibida por universidades, empresarios y organizaciones civiles, quienes manifestaron su disposici\u00f3n para colaborar en futuras ediciones.<\/p>\n","protected":false},"excerpt":{"rendered":"<p>11 de agosto de 2025.- \u201cPodemos salir adelante a trav\u00e9s del liderazgo, la motivaci\u00f3n y el trabajo\u201d, afirm\u00f3 el diputado Octavio Ulises Adame de la Fuente al inaugurar el Foro \u201cJuventud que Inspira\u201d, el cual promovi\u00f3 en colaboraci\u00f3n con el Centro Universitario Triling\u00fce (CUT Laguna). El evento, dise\u00f1ado especialmente para la juventud duranguense, tuvo como&#8230;<\/p>\n","protected":false},"author":1,"featured_media":4165,"comment_status":"open","ping_status":"open","sticky":false,"template":"","format":"standard","meta":{"footnotes":""},"categories":[13],"tags":[],"class_list":["post-4164","post","type-post","status-publish","format-standard","has-post-thumbnail","hentry","category-congreso-de-durango"],"_links":{"self":[{"href":"https:\/\/lagumex.mx\/index\/wp-json\/wp\/v2\/posts\/4164","targetHints":{"allow":["GET"]}}],"collection":[{"href":"https:\/\/lagumex.mx\/index\/wp-json\/wp\/v2\/posts"}],"about":[{"href":"https:\/\/lagumex.mx\/index\/wp-json\/wp\/v2\/types\/post"}],"author":[{"embeddable":true,"href":"https:\/\/lagumex.mx\/index\/wp-json\/wp\/v2\/users\/1"}],"replies":[{"embeddable":true,"href":"https:\/\/lagumex.mx\/index\/wp-json\/wp\/v2\/comments?post=4164"}],"version-history":[{"count":1,"href":"https:\/\/lagumex.mx\/index\/wp-json\/wp\/v2\/posts\/4164\/revisions"}],"predecessor-version":[{"id":4166,"href":"https:\/\/lagumex.mx\/index\/wp-json\/wp\/v2\/posts\/4164\/revisions\/4166"}],"wp:featuredmedia":[{"embeddable":true,"href":"https:\/\/lagumex.mx\/index\/wp-json\/wp\/v2\/media\/4165"}],"wp:attachment":[{"href":"https:\/\/lagumex.mx\/index\/wp-json\/wp\/v2\/media?parent=4164"}],"wp:term":[{"taxonomy":"category","embeddable":true,"href":"https:\/\/lagumex.mx\/index\/wp-json\/wp\/v2\/categories?post=4164"},{"taxonomy":"post_tag","embeddable":true,"href":"https:\/\/lagumex.mx\/index\/wp-json\/wp\/v2\/tags?post=4164"}],"curies":[{"name":"wp","href":"https:\/\/api.w.org\/{rel}","templated":true}]}}