{"id":4157,"date":"2025-08-07T16:30:22","date_gmt":"2025-08-07T16:30:22","guid":{"rendered":"https:\/\/lagumex.mx\/index\/?p=4157"},"modified":"2025-08-08T16:31:11","modified_gmt":"2025-08-08T16:31:11","slug":"combatir-pobreza-y-mejorar-calidad-de-vida-objetivo-prioritario-manolo","status":"publish","type":"post","link":"https:\/\/lagumex.mx\/index\/uncategorized\/uac\/uac-uac\/coahuila-coahuila\/combatir-pobreza-y-mejorar-calidad-de-vida-objetivo-prioritario-manolo\/","title":{"rendered":"Combatir pobreza y mejorar calidad de vida, objetivo prioritario: Manolo"},"content":{"rendered":"\n<p>07 de agosto de 2025, <strong>Saltillo, Coahuila de Zaragoza<\/strong>.- Con el firme compromiso de fortalecer la pol\u00edtica social en Coahuila bajo principios de transparencia, inclusi\u00f3n y coordinaci\u00f3n interinstitucional, el gobernador Manolo Jim\u00e9nez Salinas encabez\u00f3 la instalaci\u00f3n de la Comisi\u00f3n Estatal de Desarrollo Social (CEDS), \u00f3rgano responsable de articular los esfuerzos de todas las dependencias y niveles de gobierno en materia de bienestar y del Consejo para la Agenda 2030.<\/p>\n\n\n\n<p>\u201cEn Coahuila trabajamos todos los d\u00edas para mejorar la calidad de vida de nuestra gente, desde Palacio de Gobierno, instalamos dos \u00f3rganos fundamentales para nuestra estrategia: la Comisi\u00f3n Estatal de Desarrollo Social y el Consejo Estatal de la Agenda 2030. En este esfuerzo contamos con la participaci\u00f3n de los organismos de la sociedad civil, academia, iniciativa privada y los tres \u00f3rdenes de gobierno, trabajando en equipo para combatir la desigualdad social y la pobreza; por esto, Coahuila es ejemplo nacional de lo que se logra con unidad, rumbo y compromiso\u201d puntualiz\u00f3 Jim\u00e9nez Salinas.<\/p>\n\n\n\n<p>En Coahuila se tiene la firme decisi\u00f3n de que el desarrollo social llegue a todas y todos, sin excepci\u00f3n. Esta Comisi\u00f3n es una herramienta clave para planear, coordinar y evaluar pol\u00edticas p\u00fablicas con una visi\u00f3n integral y con base en los principios de la Agenda 2030.<\/p>\n\n\n\n<p>\u201cEsta reuni\u00f3n es sumamente importante para nuestro Gobierno, para un objetivo que es fundamental para nosotros que es trabajo en equipo entre la sociedad civil organizada, la iniciativa privada y el gobierno, entorno a una causa, que es sumamente importante para nosotros, que es el combate a la pobreza\u201d, afirm\u00f3 el mandatario estatal.<\/p>\n\n\n\n<p>En Coahuila se trabaja, por un estado m\u00e1s justo, m\u00e1s equitativo y m\u00e1s sostenible. Con esta Comisi\u00f3n, se da un paso importante para que cada acci\u00f3n social est\u00e9 alineada con resultados medibles y con impacto real en la vida de las personas.<\/p>\n\n\n\n<p>Desde 2018, Coahuila cuenta con un Consejo Estatal para la Agenda 2030, y esta nueva Comisi\u00f3n refuerza la coordinaci\u00f3n con ese organismo, garantizando que todos los programas sociales est\u00e9n alineados con el combate a la pobreza, la reducci\u00f3n de desigualdades, la inclusi\u00f3n de grupos vulnerables y la sostenibilidad ambiental.<\/p>\n\n\n\n<p>Finalmente, el gobernador reiter\u00f3 su compromiso de seguir gobernando con cercan\u00eda, orden y visi\u00f3n de futuro.<\/p>\n\n\n\n<p>\u201cEs algo muy importante primero para ayudar a la gente y que por ende, \u201dtambi\u00e9n mejoremos aqu\u00ed en Coahuila, donde este tema es muy importante , concluy\u00f3 el gobernador, al enfatizar que en Coahuila la pol\u00edtica social de este gobierno es clara: llegar a quienes m\u00e1s lo necesitan, sin ocurrencias ni improvisaciones, sino con planeaci\u00f3n, trabajo en equipo y resultados.<\/p>\n\n\n\n<p>En la CEDS participa el gobernador del Estado como presidente del organismo; el titular de la Secretar\u00eda de Inclusi\u00f3n y Desarrollo Social como coordinador de la Comisi\u00f3n; los titulares de las Secretar\u00edas estatales con programas sociales y un presidente municipal por cada regi\u00f3n del estado (Norte, Carbon\u00edfera, Centro-Desierto, Laguna y Sureste), quienes fungir\u00e1n como representantes regionales.<\/p>\n","protected":false},"excerpt":{"rendered":"<p>07 de agosto de 2025, Saltillo, Coahuila de Zaragoza.- Con el firme compromiso de fortalecer la pol\u00edtica social en Coahuila bajo principios de transparencia, inclusi\u00f3n y coordinaci\u00f3n interinstitucional, el gobernador Manolo Jim\u00e9nez Salinas encabez\u00f3 la instalaci\u00f3n de la Comisi\u00f3n Estatal de Desarrollo Social (CEDS), \u00f3rgano responsable de articular los esfuerzos de todas las dependencias y&#8230;<\/p>\n","protected":false},"author":1,"featured_media":4158,"comment_status":"open","ping_status":"open","sticky":false,"template":"","format":"standard","meta":{"footnotes":""},"categories":[2],"tags":[],"class_list":["post-4157","post","type-post","status-publish","format-standard","has-post-thumbnail","hentry","category-coahuila-coahuila"],"_links":{"self":[{"href":"https:\/\/lagumex.mx\/index\/wp-json\/wp\/v2\/posts\/4157","targetHints":{"allow":["GET"]}}],"collection":[{"href":"https:\/\/lagumex.mx\/index\/wp-json\/wp\/v2\/posts"}],"about":[{"href":"https:\/\/lagumex.mx\/index\/wp-json\/wp\/v2\/types\/post"}],"author":[{"embeddable":true,"href":"https:\/\/lagumex.mx\/index\/wp-json\/wp\/v2\/users\/1"}],"replies":[{"embeddable":true,"href":"https:\/\/lagumex.mx\/index\/wp-json\/wp\/v2\/comments?post=4157"}],"version-history":[{"count":1,"href":"https:\/\/lagumex.mx\/index\/wp-json\/wp\/v2\/posts\/4157\/revisions"}],"predecessor-version":[{"id":4159,"href":"https:\/\/lagumex.mx\/index\/wp-json\/wp\/v2\/posts\/4157\/revisions\/4159"}],"wp:featuredmedia":[{"embeddable":true,"href":"https:\/\/lagumex.mx\/index\/wp-json\/wp\/v2\/media\/4158"}],"wp:attachment":[{"href":"https:\/\/lagumex.mx\/index\/wp-json\/wp\/v2\/media?parent=4157"}],"wp:term":[{"taxonomy":"category","embeddable":true,"href":"https:\/\/lagumex.mx\/index\/wp-json\/wp\/v2\/categories?post=4157"},{"taxonomy":"post_tag","embeddable":true,"href":"https:\/\/lagumex.mx\/index\/wp-json\/wp\/v2\/tags?post=4157"}],"curies":[{"name":"wp","href":"https:\/\/api.w.org\/{rel}","templated":true}]}}