{"id":4150,"date":"2025-07-25T18:18:40","date_gmt":"2025-07-25T18:18:40","guid":{"rendered":"https:\/\/lagumex.mx\/index\/?p=4150"},"modified":"2025-07-30T18:21:24","modified_gmt":"2025-07-30T18:21:24","slug":"rehabilitan-rampas-y-senaletica","status":"publish","type":"post","link":"https:\/\/lagumex.mx\/index\/lerdo\/rehabilitan-rampas-y-senaletica\/","title":{"rendered":"Rehabilitan rampas y se\u00f1al\u00e9tica"},"content":{"rendered":"\n<p>25 de julio de 2025.- <strong>Personal de la Direcci\u00f3n de Tr\u00e1nsito y Vialidad, encabezado por el director Francisco Hoyos, llev\u00f3 a cabo trabajos de rehabilitaci\u00f3n de se\u00f1al\u00e9tica, pasos peatonales, rampas para personas con discapacidad, pintura de bordos y se\u00f1alamientos de alto en el primer cuadro municipio.<\/strong>El director de Tr\u00e1nsito y Vialidad, Francisco Hoyos, inform\u00f3 que estas labores se mantendr\u00e1n de forma permanente, con \u00e9nfasis en la accesibilidad universal, a fin de brindar accesos seguros para personas con discapacidad y peatones en general. El objetivo es evitar accidentes y garantizar que todas las personas puedan transitar libremente por banquetas, cruces y espacios p\u00fablicos, especialmente durante las vacaciones, cuando se incrementa la presencia de ciudadanos y visitantes en la ciudad. El director de Tr\u00e1nsito y Vialidad, Francisco Hoyos, inform\u00f3 que estas labores se mantendr\u00e1n de forma permanente, con \u00e9nfasis en la accesibilidad universal, a fin de brindar accesos seguros para personas con discapacidad y peatones en general.El objetivo es evitar accidentes y garantizar que todas las personas puedan transitar libremente por banquetas, cruces y espacios p\u00fablicos, especialmente durante las vacaciones, cuando se incrementa la presencia de ciudadanos y visitantes en la ciudad.<\/p>\n","protected":false},"excerpt":{"rendered":"<p>25 de julio de 2025.- Personal de la Direcci\u00f3n de Tr\u00e1nsito y Vialidad, encabezado por el director Francisco Hoyos, llev\u00f3 a cabo trabajos de rehabilitaci\u00f3n de se\u00f1al\u00e9tica, pasos peatonales, rampas para personas con discapacidad, pintura de bordos y se\u00f1alamientos de alto en el primer cuadro municipio.El director de Tr\u00e1nsito y Vialidad, Francisco Hoyos, inform\u00f3 que&#8230;<\/p>\n","protected":false},"author":1,"featured_media":4151,"comment_status":"open","ping_status":"open","sticky":false,"template":"","format":"standard","meta":{"footnotes":""},"categories":[3],"tags":[],"class_list":["post-4150","post","type-post","status-publish","format-standard","has-post-thumbnail","hentry","category-lerdo"],"_links":{"self":[{"href":"https:\/\/lagumex.mx\/index\/wp-json\/wp\/v2\/posts\/4150","targetHints":{"allow":["GET"]}}],"collection":[{"href":"https:\/\/lagumex.mx\/index\/wp-json\/wp\/v2\/posts"}],"about":[{"href":"https:\/\/lagumex.mx\/index\/wp-json\/wp\/v2\/types\/post"}],"author":[{"embeddable":true,"href":"https:\/\/lagumex.mx\/index\/wp-json\/wp\/v2\/users\/1"}],"replies":[{"embeddable":true,"href":"https:\/\/lagumex.mx\/index\/wp-json\/wp\/v2\/comments?post=4150"}],"version-history":[{"count":1,"href":"https:\/\/lagumex.mx\/index\/wp-json\/wp\/v2\/posts\/4150\/revisions"}],"predecessor-version":[{"id":4152,"href":"https:\/\/lagumex.mx\/index\/wp-json\/wp\/v2\/posts\/4150\/revisions\/4152"}],"wp:featuredmedia":[{"embeddable":true,"href":"https:\/\/lagumex.mx\/index\/wp-json\/wp\/v2\/media\/4151"}],"wp:attachment":[{"href":"https:\/\/lagumex.mx\/index\/wp-json\/wp\/v2\/media?parent=4150"}],"wp:term":[{"taxonomy":"category","embeddable":true,"href":"https:\/\/lagumex.mx\/index\/wp-json\/wp\/v2\/categories?post=4150"},{"taxonomy":"post_tag","embeddable":true,"href":"https:\/\/lagumex.mx\/index\/wp-json\/wp\/v2\/tags?post=4150"}],"curies":[{"name":"wp","href":"https:\/\/api.w.org\/{rel}","templated":true}]}}