{"id":4145,"date":"2025-07-29T18:13:26","date_gmt":"2025-07-29T18:13:26","guid":{"rendered":"https:\/\/lagumex.mx\/index\/?p=4145"},"modified":"2025-07-30T18:17:26","modified_gmt":"2025-07-30T18:17:26","slug":"promueven-cuidado-al-medio-ambiente-en-lerdo","status":"publish","type":"post","link":"https:\/\/lagumex.mx\/index\/lerdo\/promueven-cuidado-al-medio-ambiente-en-lerdo\/","title":{"rendered":"Promueven cuidado al medio ambiente en Lerdo"},"content":{"rendered":"\n<p>29 de julio de 2025.- <strong>La titular del departamento de Cultura de Agua del Sapal, Guadalupe Badillo, dio a conocer que el Centro Regional para la Conservaci\u00f3n de la Biodiversidad (CRECO) abrir\u00e1 sus puertas a partir de la pr\u00f3xima semana, por lo que invita a los interesados para agendar una cita, enviando un mensaje privado (inbox), a trav\u00e9s del Facebook \u00abSapal Cultura del Agua\u00bb.<\/strong>  Adem\u00e1s, se les brindan pl\u00e1ticas informativas de diferentes temas para el cuidado del medio ambiente y el agua, como: que es la huella h\u00eddrica, contaminaci\u00f3n por pl\u00e1stico, tips del cuidado del agua, humedales, flora y fauna del desierto chihuahuense, animales end\u00e9micos de la regi\u00f3n lagunera, y se realizan din\u00e1micas para reforzar el aprendizaje. La funcionaria coment\u00f3 que se tiene agenda abierta para los grupos que gusten solicitar este tipo de actividades. Asimismo, mencion\u00f3 que el pr\u00f3ximo martes 05 de agosto se trabajar\u00e1 con ni\u00f1os del curso de verano del Acertijo.<\/p>\n","protected":false},"excerpt":{"rendered":"<p>29 de julio de 2025.- La titular del departamento de Cultura de Agua del Sapal, Guadalupe Badillo, dio a conocer que el Centro Regional para la Conservaci\u00f3n de la Biodiversidad (CRECO) abrir\u00e1 sus puertas a partir de la pr\u00f3xima semana, por lo que invita a los interesados para agendar una cita, enviando un mensaje privado&#8230;<\/p>\n","protected":false},"author":1,"featured_media":0,"comment_status":"open","ping_status":"open","sticky":false,"template":"","format":"standard","meta":{"footnotes":""},"categories":[3],"tags":[],"class_list":["post-4145","post","type-post","status-publish","format-standard","hentry","category-lerdo"],"_links":{"self":[{"href":"https:\/\/lagumex.mx\/index\/wp-json\/wp\/v2\/posts\/4145","targetHints":{"allow":["GET"]}}],"collection":[{"href":"https:\/\/lagumex.mx\/index\/wp-json\/wp\/v2\/posts"}],"about":[{"href":"https:\/\/lagumex.mx\/index\/wp-json\/wp\/v2\/types\/post"}],"author":[{"embeddable":true,"href":"https:\/\/lagumex.mx\/index\/wp-json\/wp\/v2\/users\/1"}],"replies":[{"embeddable":true,"href":"https:\/\/lagumex.mx\/index\/wp-json\/wp\/v2\/comments?post=4145"}],"version-history":[{"count":2,"href":"https:\/\/lagumex.mx\/index\/wp-json\/wp\/v2\/posts\/4145\/revisions"}],"predecessor-version":[{"id":4147,"href":"https:\/\/lagumex.mx\/index\/wp-json\/wp\/v2\/posts\/4145\/revisions\/4147"}],"wp:attachment":[{"href":"https:\/\/lagumex.mx\/index\/wp-json\/wp\/v2\/media?parent=4145"}],"wp:term":[{"taxonomy":"category","embeddable":true,"href":"https:\/\/lagumex.mx\/index\/wp-json\/wp\/v2\/categories?post=4145"},{"taxonomy":"post_tag","embeddable":true,"href":"https:\/\/lagumex.mx\/index\/wp-json\/wp\/v2\/tags?post=4145"}],"curies":[{"name":"wp","href":"https:\/\/api.w.org\/{rel}","templated":true}]}}