{"id":4142,"date":"2025-07-07T22:13:17","date_gmt":"2025-07-07T22:13:17","guid":{"rendered":"https:\/\/lagumex.mx\/index\/?p=4142"},"modified":"2025-07-13T22:14:58","modified_gmt":"2025-07-13T22:14:58","slug":"lluvias-ocasionales-provocan-caida-de-arboles-y-barda-en-lerdo","status":"publish","type":"post","link":"https:\/\/lagumex.mx\/index\/lerdo\/lluvias-ocasionales-provocan-caida-de-arboles-y-barda-en-lerdo\/","title":{"rendered":"Lluvias ocasionales provocan ca\u00edda de \u00e1rboles y barda en Lerdo"},"content":{"rendered":"\n<p>07 de julio de 2025.- <strong>La Coordinaci\u00f3n de Protecci\u00f3n Civil y Bomberos de Lerdo report\u00f3 diversas afectaciones derivadas de la lluvia ocasional registrada este lunes alrededor de las 5:00 de la tarde, misma que se present\u00f3 de manera intensa durante aproximadamente 25 minutos.<\/strong> Entre los da\u00f1os se registr\u00f3 la ca\u00edda de seis \u00e1rboles de gran tama\u00f1o y cables el\u00e9ctricos en la plaza de la colonia \u00c1lvaro Obreg\u00f3n, adem\u00e1s de una palma que colaps\u00f3 sobre un domicilio en la misma comunidad.En la colonia Carlos Real un \u00e1rbol cay\u00f3 parcialmente sobre la carretera, y se detect\u00f3 tambi\u00e9n la ca\u00edda de una barda, por lo que personal de Protecci\u00f3n Civil acudi\u00f3 de inmediato a acordonar el \u00e1rea y emitir las recomendaciones necesarias a los habitantes para su resguardo.La coordinaci\u00f3n municipal hizo un llamado a la ciudadan\u00eda a mantenerse informada sobre las condiciones meteorol\u00f3gicas, evitar salir durante precipitaciones intensas y no acudir a espacios p\u00fablicos ante el riesgo que representan los \u00e1rboles altos en condiciones de lluvia o viento. Exhort\u00f3 a la poblaci\u00f3n a reportar cualquier situaci\u00f3n de emergencia al n\u00famero 911.<\/p>\n","protected":false},"excerpt":{"rendered":"<p>07 de julio de 2025.- La Coordinaci\u00f3n de Protecci\u00f3n Civil y Bomberos de Lerdo report\u00f3 diversas afectaciones derivadas de la lluvia ocasional registrada este lunes alrededor de las 5:00 de la tarde, misma que se present\u00f3 de manera intensa durante aproximadamente 25 minutos. Entre los da\u00f1os se registr\u00f3 la ca\u00edda de seis \u00e1rboles de gran&#8230;<\/p>\n","protected":false},"author":1,"featured_media":0,"comment_status":"open","ping_status":"open","sticky":false,"template":"","format":"standard","meta":{"footnotes":""},"categories":[3],"tags":[],"class_list":["post-4142","post","type-post","status-publish","format-standard","hentry","category-lerdo"],"_links":{"self":[{"href":"https:\/\/lagumex.mx\/index\/wp-json\/wp\/v2\/posts\/4142","targetHints":{"allow":["GET"]}}],"collection":[{"href":"https:\/\/lagumex.mx\/index\/wp-json\/wp\/v2\/posts"}],"about":[{"href":"https:\/\/lagumex.mx\/index\/wp-json\/wp\/v2\/types\/post"}],"author":[{"embeddable":true,"href":"https:\/\/lagumex.mx\/index\/wp-json\/wp\/v2\/users\/1"}],"replies":[{"embeddable":true,"href":"https:\/\/lagumex.mx\/index\/wp-json\/wp\/v2\/comments?post=4142"}],"version-history":[{"count":1,"href":"https:\/\/lagumex.mx\/index\/wp-json\/wp\/v2\/posts\/4142\/revisions"}],"predecessor-version":[{"id":4143,"href":"https:\/\/lagumex.mx\/index\/wp-json\/wp\/v2\/posts\/4142\/revisions\/4143"}],"wp:attachment":[{"href":"https:\/\/lagumex.mx\/index\/wp-json\/wp\/v2\/media?parent=4142"}],"wp:term":[{"taxonomy":"category","embeddable":true,"href":"https:\/\/lagumex.mx\/index\/wp-json\/wp\/v2\/categories?post=4142"},{"taxonomy":"post_tag","embeddable":true,"href":"https:\/\/lagumex.mx\/index\/wp-json\/wp\/v2\/tags?post=4142"}],"curies":[{"name":"wp","href":"https:\/\/api.w.org\/{rel}","templated":true}]}}