{"id":4124,"date":"2025-07-10T21:58:10","date_gmt":"2025-07-10T21:58:10","guid":{"rendered":"https:\/\/lagumex.mx\/index\/?p=4124"},"modified":"2025-07-13T21:59:19","modified_gmt":"2025-07-13T21:59:19","slug":"recorre-hector-herrera-municipios-de-la-laguna-y-zona-semiarida","status":"publish","type":"post","link":"https:\/\/lagumex.mx\/index\/uncategorized\/congreso-de-durango\/recorre-hector-herrera-municipios-de-la-laguna-y-zona-semiarida\/","title":{"rendered":"Recorre H\u00e9ctor Herrera municipios de La Laguna y Zona Semi\u00e1rida"},"content":{"rendered":"\n<p>10 de julio de 2025.- El presidente de la Junta de Gobierno y Coordinaci\u00f3n Pol\u00edtica del Congreso del Estado, H\u00e9ctor Herrera N\u00fa\u00f1ez, recorri\u00f3 los municipios de la Regi\u00f3n Lagunera y la Zona Semi\u00e1rida, como Nazas, San Luis del Cordero, San Pedro del Gallo, Ind\u00e9, Ocampo e Hidalgo, con el objetivo de conocer de cerca las necesidades particulares de cada comunidad.<\/p>\n\n\n\n<p>\u201cCada municipio tiene su propia vocaci\u00f3n productiva y sus propias problem\u00e1ticas. Es fundamental traer ese panorama al Congreso del Estado para impulsar gestiones ante las dependencias correspondientes y generar alternativas de desarrollo y empleo\u201d, expres\u00f3 el legislador priista.<\/p>\n\n\n\n<p>Entre los temas relevantes, destac\u00f3 la importancia de detonar la actividad pesquera como motor econ\u00f3mico, el acceso a la salud, el agua potable y la atenci\u00f3n a la educaci\u00f3n especial; as\u00ed como en la producci\u00f3n de nuez, sand\u00eda y alfalfa. Reconoci\u00f3 la necesidad de establecer alianzas para multiplicar recursos y promover su desarrollo.<\/p>\n\n\n\n<p>Adem\u00e1s, resalt\u00f3 la importancia de mantener la civilidad pol\u00edtica y hacer equipo para atender los temas prioritarios.<\/p>\n\n\n\n<p>Por su parte, la alcaldesa de Nazas, Diana Torres agradeci\u00f3 la presencia del legislador y subray\u00f3 que \u201cno es com\u00fan que un diputado nos visite, y su cercan\u00eda habla de un compromiso genuino con la regi\u00f3n\u201d. El presidente electo, Dar\u00edo Medina, afirm\u00f3 que buscar\u00e1n las alianzas para multiplicar el recurso para tener un municipio m\u00e1s pr\u00f3spero.<\/p>\n\n\n\n<p>En ese mismo sentido, el alcalde electo de San Pedro del Gallo, Reginaldo Carrillo municipio m\u00e1s peque\u00f1o del estado, destac\u00f3 que \u201ces positivo que se acerque a nosotros; necesitamos de su apoyo para las gestiones que urgen en nuestra comunidad\u201d.<\/p>\n\n\n\n<p>A su vez, la presidenta municipal, de San Luis del Cordero, Guadalupe Chavarr\u00eda, asegur\u00f3 que el legislador es una persona muy humanitaria que ayuda a los que menos tienen y abierto a las peticiones de la gente.<\/p>\n\n\n\n<p>Juan Corral, presidente municipal de Ind\u00e9, reconoci\u00f3 la disposici\u00f3n del diputado, ya que su respaldo, podr\u00e1n tocar puertas ante el gobierno estatal y buscar soluciones reales para su gente.<\/p>\n","protected":false},"excerpt":{"rendered":"<p>10 de julio de 2025.- El presidente de la Junta de Gobierno y Coordinaci\u00f3n Pol\u00edtica del Congreso del Estado, H\u00e9ctor Herrera N\u00fa\u00f1ez, recorri\u00f3 los municipios de la Regi\u00f3n Lagunera y la Zona Semi\u00e1rida, como Nazas, San Luis del Cordero, San Pedro del Gallo, Ind\u00e9, Ocampo e Hidalgo, con el objetivo de conocer de cerca las&#8230;<\/p>\n","protected":false},"author":1,"featured_media":4125,"comment_status":"open","ping_status":"open","sticky":false,"template":"","format":"standard","meta":{"footnotes":""},"categories":[13],"tags":[],"class_list":["post-4124","post","type-post","status-publish","format-standard","has-post-thumbnail","hentry","category-congreso-de-durango"],"_links":{"self":[{"href":"https:\/\/lagumex.mx\/index\/wp-json\/wp\/v2\/posts\/4124","targetHints":{"allow":["GET"]}}],"collection":[{"href":"https:\/\/lagumex.mx\/index\/wp-json\/wp\/v2\/posts"}],"about":[{"href":"https:\/\/lagumex.mx\/index\/wp-json\/wp\/v2\/types\/post"}],"author":[{"embeddable":true,"href":"https:\/\/lagumex.mx\/index\/wp-json\/wp\/v2\/users\/1"}],"replies":[{"embeddable":true,"href":"https:\/\/lagumex.mx\/index\/wp-json\/wp\/v2\/comments?post=4124"}],"version-history":[{"count":1,"href":"https:\/\/lagumex.mx\/index\/wp-json\/wp\/v2\/posts\/4124\/revisions"}],"predecessor-version":[{"id":4126,"href":"https:\/\/lagumex.mx\/index\/wp-json\/wp\/v2\/posts\/4124\/revisions\/4126"}],"wp:featuredmedia":[{"embeddable":true,"href":"https:\/\/lagumex.mx\/index\/wp-json\/wp\/v2\/media\/4125"}],"wp:attachment":[{"href":"https:\/\/lagumex.mx\/index\/wp-json\/wp\/v2\/media?parent=4124"}],"wp:term":[{"taxonomy":"category","embeddable":true,"href":"https:\/\/lagumex.mx\/index\/wp-json\/wp\/v2\/categories?post=4124"},{"taxonomy":"post_tag","embeddable":true,"href":"https:\/\/lagumex.mx\/index\/wp-json\/wp\/v2\/tags?post=4124"}],"curies":[{"name":"wp","href":"https:\/\/api.w.org\/{rel}","templated":true}]}}