{"id":4112,"date":"2025-06-24T20:59:00","date_gmt":"2025-06-24T20:59:00","guid":{"rendered":"https:\/\/lagumex.mx\/index\/?p=4112"},"modified":"2025-07-04T21:03:18","modified_gmt":"2025-07-04T21:03:18","slug":"hoy-habra-adopcion-de-arboles-en-lerdo","status":"publish","type":"post","link":"https:\/\/lagumex.mx\/index\/lerdo\/hoy-habra-adopcion-de-arboles-en-lerdo\/","title":{"rendered":"Ma\u00f1ana habr\u00e1 adopci\u00f3n de \u00e1rboles en Lerdo"},"content":{"rendered":"\n<p>22 de junio de 2025.- El funcionario celebr\u00f3 el compromiso de la ciudadan\u00eda lerdense, y espera una buena respuesta por parte de los lerdenses, entre los arboles que se daran en adopcion estan, lila canelo, fresno americano, ping\u00fcico, \u00e1lamo plateado, l\u00e1grima de San Pedro, jacaranda, pirul mexicano, tabach\u00edn, mezquite chileno, frutales y m\u00e1s. Record\u00f3 que esta jornada de donaci\u00f3n de \u00e1rboles est\u00e1 dirigida a los habitantes de Lerdo, por lo que\u00a0<mark>es importante presentar copia de su identificaci\u00f3n (INE) para comprobar su domicilio en el municipio.<\/mark> As\u00ed mismo, el personal de Medio Ambiente y Ecolog\u00eda llevar\u00e1 un control de los \u00e1rboles plantados, visitando domicilios y asegur\u00e1ndose de que se le brinden los cuidados adecuados a cada ejemplar. <strong>El director de Medio Ambiente y Ecolog\u00eda, Ricardo D\u00edaz Segovia, comparti\u00f3 que la pr\u00f3xima jornada de la Campa\u00f1a de Reforestaci\u00f3n \u00abVen y adopta un \u00e1rbol\u00bb, se llevar\u00e1 a cabo el martes 24 de junio del presente a\u00f1o, en el domo de la colonia San Fernando.<\/strong><\/p>\n","protected":false},"excerpt":{"rendered":"<p>22 de junio de 2025.- El funcionario celebr\u00f3 el compromiso de la ciudadan\u00eda lerdense, y espera una buena respuesta por parte de los lerdenses, entre los arboles que se daran en adopcion estan, lila canelo, fresno americano, ping\u00fcico, \u00e1lamo plateado, l\u00e1grima de San Pedro, jacaranda, pirul mexicano, tabach\u00edn, mezquite chileno, frutales y m\u00e1s. Record\u00f3 que&#8230;<\/p>\n","protected":false},"author":1,"featured_media":0,"comment_status":"open","ping_status":"open","sticky":false,"template":"","format":"standard","meta":{"footnotes":""},"categories":[3],"tags":[],"class_list":["post-4112","post","type-post","status-publish","format-standard","hentry","category-lerdo"],"_links":{"self":[{"href":"https:\/\/lagumex.mx\/index\/wp-json\/wp\/v2\/posts\/4112","targetHints":{"allow":["GET"]}}],"collection":[{"href":"https:\/\/lagumex.mx\/index\/wp-json\/wp\/v2\/posts"}],"about":[{"href":"https:\/\/lagumex.mx\/index\/wp-json\/wp\/v2\/types\/post"}],"author":[{"embeddable":true,"href":"https:\/\/lagumex.mx\/index\/wp-json\/wp\/v2\/users\/1"}],"replies":[{"embeddable":true,"href":"https:\/\/lagumex.mx\/index\/wp-json\/wp\/v2\/comments?post=4112"}],"version-history":[{"count":3,"href":"https:\/\/lagumex.mx\/index\/wp-json\/wp\/v2\/posts\/4112\/revisions"}],"predecessor-version":[{"id":4116,"href":"https:\/\/lagumex.mx\/index\/wp-json\/wp\/v2\/posts\/4112\/revisions\/4116"}],"wp:attachment":[{"href":"https:\/\/lagumex.mx\/index\/wp-json\/wp\/v2\/media?parent=4112"}],"wp:term":[{"taxonomy":"category","embeddable":true,"href":"https:\/\/lagumex.mx\/index\/wp-json\/wp\/v2\/categories?post=4112"},{"taxonomy":"post_tag","embeddable":true,"href":"https:\/\/lagumex.mx\/index\/wp-json\/wp\/v2\/tags?post=4112"}],"curies":[{"name":"wp","href":"https:\/\/api.w.org\/{rel}","templated":true}]}}