{"id":4107,"date":"2025-06-01T22:21:00","date_gmt":"2025-06-01T22:21:00","guid":{"rendered":"https:\/\/lagumex.mx\/index\/?p=4107"},"modified":"2025-07-02T22:23:01","modified_gmt":"2025-07-02T22:23:01","slug":"ofrecen-talleres-gratuitos-en-centro-comunitario","status":"publish","type":"post","link":"https:\/\/lagumex.mx\/index\/lerdo\/ofrecen-talleres-gratuitos-en-centro-comunitario\/","title":{"rendered":"Ofrecen talleres gratuitos en Centro Comunitario"},"content":{"rendered":"\n<p>01 de junio de 2025.- Aunque fueron creados para promover la interacci\u00f3n social, hoy son una oportunidad de capacitaci\u00f3n para el autoempleo. Se trata de las capacitaciones que el Sistema para el Desarrollo Integral de la Familia (DIF) en las instalaciones del Centro Comunitario Jos\u00e9 Campillo Sainz, dirigidas al p\u00fablico en general, sin costo alguno. Asimismo, la funcionaria record\u00f3 que este tipo de espacios fueron dise\u00f1ados para fomentar la interacci\u00f3n social y el desarrollo de actividades recreativas y educativas, promoviendo la convivencia, as\u00ed como la inclusi\u00f3n de personas adultas mayores y personas con discapacidad.Calder\u00f3n Carrete hizo una atenta invitaci\u00f3n a todas las personas interesadas en formar parte de estos talleres a acudir al centro comunitario, ubicado en calle Topia s\/n, colonia Jos\u00e9 Campillo Sainz, para solicitar informaci\u00f3n e inscribirse.Los talles se imparten de lunes a viernes y son sobre elaboraci\u00f3n de productos de limpieza, bisuter\u00eda artesanal, cocina, madera country y flores con la t\u00e9cnica de termoformado.Brenda Calder\u00f3n Carrete, directora del DIF, record\u00f3 que las clases se ofrecen de manera gratuita y que las personas interesadas en alguno de los cursos, pueden acudir a dicho centro comunitario para inscribirse en cualquiera de los talleres mencionados.La invitaci\u00f3n est\u00e1 abierta al p\u00fablico en general en un horario de 8:00 a 16:00 horas.<\/p>\n","protected":false},"excerpt":{"rendered":"<p>01 de junio de 2025.- Aunque fueron creados para promover la interacci\u00f3n social, hoy son una oportunidad de capacitaci\u00f3n para el autoempleo. Se trata de las capacitaciones que el Sistema para el Desarrollo Integral de la Familia (DIF) en las instalaciones del Centro Comunitario Jos\u00e9 Campillo Sainz, dirigidas al p\u00fablico en general, sin costo alguno&#8230;.<\/p>\n","protected":false},"author":1,"featured_media":0,"comment_status":"open","ping_status":"open","sticky":false,"template":"","format":"standard","meta":{"footnotes":""},"categories":[3],"tags":[],"class_list":["post-4107","post","type-post","status-publish","format-standard","hentry","category-lerdo"],"_links":{"self":[{"href":"https:\/\/lagumex.mx\/index\/wp-json\/wp\/v2\/posts\/4107","targetHints":{"allow":["GET"]}}],"collection":[{"href":"https:\/\/lagumex.mx\/index\/wp-json\/wp\/v2\/posts"}],"about":[{"href":"https:\/\/lagumex.mx\/index\/wp-json\/wp\/v2\/types\/post"}],"author":[{"embeddable":true,"href":"https:\/\/lagumex.mx\/index\/wp-json\/wp\/v2\/users\/1"}],"replies":[{"embeddable":true,"href":"https:\/\/lagumex.mx\/index\/wp-json\/wp\/v2\/comments?post=4107"}],"version-history":[{"count":1,"href":"https:\/\/lagumex.mx\/index\/wp-json\/wp\/v2\/posts\/4107\/revisions"}],"predecessor-version":[{"id":4108,"href":"https:\/\/lagumex.mx\/index\/wp-json\/wp\/v2\/posts\/4107\/revisions\/4108"}],"wp:attachment":[{"href":"https:\/\/lagumex.mx\/index\/wp-json\/wp\/v2\/media?parent=4107"}],"wp:term":[{"taxonomy":"category","embeddable":true,"href":"https:\/\/lagumex.mx\/index\/wp-json\/wp\/v2\/categories?post=4107"},{"taxonomy":"post_tag","embeddable":true,"href":"https:\/\/lagumex.mx\/index\/wp-json\/wp\/v2\/tags?post=4107"}],"curies":[{"name":"wp","href":"https:\/\/api.w.org\/{rel}","templated":true}]}}