{"id":4099,"date":"2025-06-27T19:08:28","date_gmt":"2025-06-27T19:08:28","guid":{"rendered":"https:\/\/lagumex.mx\/index\/?p=4099"},"modified":"2025-06-28T19:09:27","modified_gmt":"2025-06-28T19:09:27","slug":"s-o-s-mentes-en-accion-durango-alzo-la-voz-por-la-vida-dip-gaby-vazquez-del-pan","status":"publish","type":"post","link":"https:\/\/lagumex.mx\/index\/uncategorized\/congreso-de-durango\/s-o-s-mentes-en-accion-durango-alzo-la-voz-por-la-vida-dip-gaby-vazquez-del-pan\/","title":{"rendered":"S.O.S. Mentes en Acci\u00f3n: Durango alz\u00f3 la voz por la vida, Dip Gaby V\u00e1zquez del PAN"},"content":{"rendered":"\n<p>27 de junio de 2025.- Durango ser\u00e1 nuevamente ejemplo de sensibilidad y acci\u00f3n en favor de la salud mental con el evento S.O.S. Mentes en Acci\u00f3n: Conversaciones que Salvan, un ciclo de conferencias dirigido a padres de familia, maestros y estudiantes, con el objetivo de fomentar la prevenci\u00f3n y posvenci\u00f3n del suicidio.<\/p>\n\n\n\n<p>Esta jornada ha sido posible gracias al compromiso conjunto de la diputada Gabriela V\u00e1zquez Chac\u00f3n, del Grupo Parlamentario del PAN, y la maestra Pamela Mor\u00e1n, directora del Instituto COGNOS, las cuales inician este jueves.<\/p>\n\n\n\n<p>Como parte de las actividades previas, la ma\u00f1ana de este jueves, en el segundo patio del Congreso del Estado, los especialistas Pedro Mart\u00edn Barraj\u00f3n, Olga Ramos Calvo y Carlos Soto \u2014todos con una profunda experiencia en prevenci\u00f3n y testimonio de vida\u2014 sostuvieron un di\u00e1logo abierto con medios de comunicaci\u00f3n, en el que resaltaron el papel fundamental de la prensa como aliada en la prevenci\u00f3n del suicidio.<\/p>\n\n\n\n<p>\u201cHablar del suicidio no contagia el suicidio, pero se debe cuidar la forma de hacerlo\u201d, enfatiz\u00f3 Barraj\u00f3n.<\/p>\n\n\n\n<p>Durante el encuentro con la prensa, se hizo hincapi\u00e9 en la necesidad de garantizar el manejo \u00e9tico y responsable de la informaci\u00f3n, evitando publicar datos personales, nombres o ubicaciones que expongan a las v\u00edctimas o sus familias. \u201cLos medios tienen en sus manos una gran responsabilidad social; informar con cuidado tambi\u00e9n salva vidas\u201d, se\u00f1al\u00f3 Olga Ramos Calvo.<\/p>\n\n\n\n<p>La diputada Gaby V\u00e1zquez reafirm\u00f3 que esta causa ha sido una prioridad en su agenda p\u00fablica desde que fue regidora. \u201cEste evento no es un acto simb\u00f3lico. Es una respuesta a una realidad urgente que nos toca a todos. La prevenci\u00f3n del suicidio debe ser pol\u00edtica p\u00fablica, pero tambi\u00e9n compromiso comunitario\u201d, expres\u00f3.<\/p>\n\n\n\n<p>Por su parte, Pamela Mor\u00e1n destac\u00f3 el trabajo colaborativo que ha cruzado fronteras, consolidando alianzas con expertos internacionales como Barraj\u00f3n, originario de Espa\u00f1a.<br>El evento por la tarde reafirma que en Durango se est\u00e1 construyendo una cultura de acompa\u00f1amiento, escucha activa y acci\u00f3n efectiva. \u201cS.O.S. Mentes en Acci\u00f3n\u201d no solo es un nombre: es un llamado que une voces, corazones y voluntades para proteger lo m\u00e1s valioso que tenemos: la vida.<\/p>\n","protected":false},"excerpt":{"rendered":"<p>27 de junio de 2025.- Durango ser\u00e1 nuevamente ejemplo de sensibilidad y acci\u00f3n en favor de la salud mental con el evento S.O.S. Mentes en Acci\u00f3n: Conversaciones que Salvan, un ciclo de conferencias dirigido a padres de familia, maestros y estudiantes, con el objetivo de fomentar la prevenci\u00f3n y posvenci\u00f3n del suicidio. Esta jornada ha&#8230;<\/p>\n","protected":false},"author":1,"featured_media":4100,"comment_status":"open","ping_status":"open","sticky":false,"template":"","format":"standard","meta":{"footnotes":""},"categories":[13],"tags":[],"class_list":["post-4099","post","type-post","status-publish","format-standard","has-post-thumbnail","hentry","category-congreso-de-durango"],"_links":{"self":[{"href":"https:\/\/lagumex.mx\/index\/wp-json\/wp\/v2\/posts\/4099","targetHints":{"allow":["GET"]}}],"collection":[{"href":"https:\/\/lagumex.mx\/index\/wp-json\/wp\/v2\/posts"}],"about":[{"href":"https:\/\/lagumex.mx\/index\/wp-json\/wp\/v2\/types\/post"}],"author":[{"embeddable":true,"href":"https:\/\/lagumex.mx\/index\/wp-json\/wp\/v2\/users\/1"}],"replies":[{"embeddable":true,"href":"https:\/\/lagumex.mx\/index\/wp-json\/wp\/v2\/comments?post=4099"}],"version-history":[{"count":1,"href":"https:\/\/lagumex.mx\/index\/wp-json\/wp\/v2\/posts\/4099\/revisions"}],"predecessor-version":[{"id":4101,"href":"https:\/\/lagumex.mx\/index\/wp-json\/wp\/v2\/posts\/4099\/revisions\/4101"}],"wp:featuredmedia":[{"embeddable":true,"href":"https:\/\/lagumex.mx\/index\/wp-json\/wp\/v2\/media\/4100"}],"wp:attachment":[{"href":"https:\/\/lagumex.mx\/index\/wp-json\/wp\/v2\/media?parent=4099"}],"wp:term":[{"taxonomy":"category","embeddable":true,"href":"https:\/\/lagumex.mx\/index\/wp-json\/wp\/v2\/categories?post=4099"},{"taxonomy":"post_tag","embeddable":true,"href":"https:\/\/lagumex.mx\/index\/wp-json\/wp\/v2\/tags?post=4099"}],"curies":[{"name":"wp","href":"https:\/\/api.w.org\/{rel}","templated":true}]}}