{"id":4087,"date":"2025-06-10T17:42:36","date_gmt":"2025-06-10T17:42:36","guid":{"rendered":"https:\/\/lagumex.mx\/index\/?p=4087"},"modified":"2025-06-25T17:43:36","modified_gmt":"2025-06-25T17:43:36","slug":"inicia-campana-de-reforestacion-en-lerdo","status":"publish","type":"post","link":"https:\/\/lagumex.mx\/index\/lerdo\/inicia-campana-de-reforestacion-en-lerdo\/","title":{"rendered":"Inicia campa\u00f1a de reforestaci\u00f3n en Lerdo"},"content":{"rendered":"\n<p>10 de junio de 2025.- En el marco del D\u00eda Mundial del Medio Ambiente, que se celebra el 05 de junio, el Gobierno Municipal de Lerdo a trav\u00e9s de la Direcci\u00f3n de Ecolog\u00eda y Medio Ambiente, inici\u00f3 la campa\u00f1a de Reforestaci\u00f3n en la escuela secundaria Ricardo Flores Mag\u00f3n. El titular de Medio Ambiente, Ricardo D\u00edaz Segovia comparti\u00f3 que se llev\u00f3 a cabo una reforestaci\u00f3n simult\u00e1nea en zona rural y urbana, iniciando en la Secundaria Ricardo Flores Mag\u00f3n de la colonia Villa Jard\u00edn, y continuando en la Escuela Primaria l\u00e1zaro C\u00e1rdenas de la comunidad de Sapioriz.Agradeci\u00f3 a los directivos, personal docente y alumnos que se sumaron para plantar los ejemplares de \u00e1rboles, y comprometerse con el riego y su cuidado. Asimismo, dio a conocer que por instrucci\u00f3n del Presidente Municipal Homero Mart\u00ednez Cabrera, cada semana se visitar\u00e1 una comunidad o colonia diferente con el m\u00f3dulo m\u00f3vil de la Campa\u00f1a de Reforestaci\u00f3n, exhortando a los habitantes a adoptar un \u00e1rbol.Record\u00f3 que es importante que cada ciudadano que adopte un ejemplar, se comprometa a conservarlo en buen estado. Y pidi\u00f3 a la poblaci\u00f3n estar atenta a las redes sociales del municipio (Facebook: \u201cGobierno Municipal Lerdo\u201d) para conocer los lugares que se visitar\u00e1n por semana.<\/p>\n","protected":false},"excerpt":{"rendered":"<p>10 de junio de 2025.- En el marco del D\u00eda Mundial del Medio Ambiente, que se celebra el 05 de junio, el Gobierno Municipal de Lerdo a trav\u00e9s de la Direcci\u00f3n de Ecolog\u00eda y Medio Ambiente, inici\u00f3 la campa\u00f1a de Reforestaci\u00f3n en la escuela secundaria Ricardo Flores Mag\u00f3n. El titular de Medio Ambiente, Ricardo D\u00edaz&#8230;<\/p>\n","protected":false},"author":1,"featured_media":4088,"comment_status":"open","ping_status":"open","sticky":false,"template":"","format":"standard","meta":{"footnotes":""},"categories":[3],"tags":[],"class_list":["post-4087","post","type-post","status-publish","format-standard","has-post-thumbnail","hentry","category-lerdo"],"_links":{"self":[{"href":"https:\/\/lagumex.mx\/index\/wp-json\/wp\/v2\/posts\/4087","targetHints":{"allow":["GET"]}}],"collection":[{"href":"https:\/\/lagumex.mx\/index\/wp-json\/wp\/v2\/posts"}],"about":[{"href":"https:\/\/lagumex.mx\/index\/wp-json\/wp\/v2\/types\/post"}],"author":[{"embeddable":true,"href":"https:\/\/lagumex.mx\/index\/wp-json\/wp\/v2\/users\/1"}],"replies":[{"embeddable":true,"href":"https:\/\/lagumex.mx\/index\/wp-json\/wp\/v2\/comments?post=4087"}],"version-history":[{"count":1,"href":"https:\/\/lagumex.mx\/index\/wp-json\/wp\/v2\/posts\/4087\/revisions"}],"predecessor-version":[{"id":4089,"href":"https:\/\/lagumex.mx\/index\/wp-json\/wp\/v2\/posts\/4087\/revisions\/4089"}],"wp:featuredmedia":[{"embeddable":true,"href":"https:\/\/lagumex.mx\/index\/wp-json\/wp\/v2\/media\/4088"}],"wp:attachment":[{"href":"https:\/\/lagumex.mx\/index\/wp-json\/wp\/v2\/media?parent=4087"}],"wp:term":[{"taxonomy":"category","embeddable":true,"href":"https:\/\/lagumex.mx\/index\/wp-json\/wp\/v2\/categories?post=4087"},{"taxonomy":"post_tag","embeddable":true,"href":"https:\/\/lagumex.mx\/index\/wp-json\/wp\/v2\/tags?post=4087"}],"curies":[{"name":"wp","href":"https:\/\/api.w.org\/{rel}","templated":true}]}}