{"id":408,"date":"2023-06-12T18:07:00","date_gmt":"2023-06-12T18:07:00","guid":{"rendered":"http:\/\/lagumex.mx\/index\/?p=408"},"modified":"2023-07-01T18:12:10","modified_gmt":"2023-07-01T18:12:10","slug":"instalan-1800-luminarias-con-programa-iluminemos-lerdo","status":"publish","type":"post","link":"https:\/\/lagumex.mx\/index\/lerdo\/instalan-1800-luminarias-con-programa-iluminemos-lerdo\/","title":{"rendered":"Instalan 1,800 luminarias con programa &#8216;Iluminemos Lerdo&#8217;"},"content":{"rendered":"\n<h2 class=\"wp-block-heading\">El funcionario se\u00f1al\u00f3 que se ha efectuado la instalaci\u00f3n de m\u00e1s de mil 800 luminarias mediante este programa que se inici\u00f3 por una iniciativa del alcalde, Homero Mart\u00ednez Cabrera<\/h2>\n\n\n\n<p>12 de junio de 2023. La direcci\u00f3n de Servicios P\u00fablicos, a trav\u00e9s del departamento de Alumbrado, contin\u00faa con los trabajos de instalaci\u00f3n y rehabilitaci\u00f3n de luminarias, a trav\u00e9s del programa \u201cIluminemos Lerdo\u201d mediante hasta el momento se han colocado m\u00e1s de 1,800 luminarias, atendiendo principales v\u00edas de comunicaci\u00f3n y espacios p\u00fablicos.<\/p>\n\n\n\n<p>Raymundo Rodr\u00edguez Vicu\u00f1a, titular del departamento, precis\u00f3 que este lunes dio arranque el programa en la plaza principal de ciudad Lerdo, y a partir de este martes 13 de junio se atender\u00e1 el interior del Parque Vivero Las Auras, con una instalaci\u00f3n de alrededor de 140 luminarias. Durante las \u00faltimas semanas, se han llevado a cabo acciones de rehabilitaci\u00f3n en la Calzada Aeropuerto y lateral de Canal Sacramento, extendiendo este servicio a la rotonda Hermila Galindo, Curva del Japon\u00e9s, Perif\u00e9rico de la ciudad y acceso a Parque Raymundo, garantizando una oportuna iluminaci\u00f3n en beneficio de los conductores y transe\u00fantes.<\/p>\n","protected":false},"excerpt":{"rendered":"<p>El funcionario se\u00f1al\u00f3 que se ha efectuado la instalaci\u00f3n de m\u00e1s de mil 800 luminarias mediante este programa que se inici\u00f3 por una iniciativa del alcalde, Homero Mart\u00ednez Cabrera 12 de junio de 2023. La direcci\u00f3n de Servicios P\u00fablicos, a trav\u00e9s del departamento de Alumbrado, contin\u00faa con los trabajos de instalaci\u00f3n y rehabilitaci\u00f3n de luminarias,&#8230;<\/p>\n","protected":false},"author":1,"featured_media":409,"comment_status":"open","ping_status":"open","sticky":false,"template":"","format":"standard","meta":{"footnotes":""},"categories":[3],"tags":[],"class_list":["post-408","post","type-post","status-publish","format-standard","has-post-thumbnail","hentry","category-lerdo"],"_links":{"self":[{"href":"https:\/\/lagumex.mx\/index\/wp-json\/wp\/v2\/posts\/408","targetHints":{"allow":["GET"]}}],"collection":[{"href":"https:\/\/lagumex.mx\/index\/wp-json\/wp\/v2\/posts"}],"about":[{"href":"https:\/\/lagumex.mx\/index\/wp-json\/wp\/v2\/types\/post"}],"author":[{"embeddable":true,"href":"https:\/\/lagumex.mx\/index\/wp-json\/wp\/v2\/users\/1"}],"replies":[{"embeddable":true,"href":"https:\/\/lagumex.mx\/index\/wp-json\/wp\/v2\/comments?post=408"}],"version-history":[{"count":1,"href":"https:\/\/lagumex.mx\/index\/wp-json\/wp\/v2\/posts\/408\/revisions"}],"predecessor-version":[{"id":410,"href":"https:\/\/lagumex.mx\/index\/wp-json\/wp\/v2\/posts\/408\/revisions\/410"}],"wp:featuredmedia":[{"embeddable":true,"href":"https:\/\/lagumex.mx\/index\/wp-json\/wp\/v2\/media\/409"}],"wp:attachment":[{"href":"https:\/\/lagumex.mx\/index\/wp-json\/wp\/v2\/media?parent=408"}],"wp:term":[{"taxonomy":"category","embeddable":true,"href":"https:\/\/lagumex.mx\/index\/wp-json\/wp\/v2\/categories?post=408"},{"taxonomy":"post_tag","embeddable":true,"href":"https:\/\/lagumex.mx\/index\/wp-json\/wp\/v2\/tags?post=408"}],"curies":[{"name":"wp","href":"https:\/\/api.w.org\/{rel}","templated":true}]}}