{"id":4068,"date":"2025-06-03T19:14:20","date_gmt":"2025-06-03T19:14:20","guid":{"rendered":"https:\/\/lagumex.mx\/index\/?p=4068"},"modified":"2025-06-04T19:15:16","modified_gmt":"2025-06-04T19:15:16","slug":"impulsa-el-pri-cuidados-paliativos-obligatorios-para-enfermos-terminales","status":"publish","type":"post","link":"https:\/\/lagumex.mx\/index\/uncategorized\/congreso-de-durango\/impulsa-el-pri-cuidados-paliativos-obligatorios-para-enfermos-terminales\/","title":{"rendered":"Impulsa el PRI cuidados paliativos obligatorios para enfermos terminales"},"content":{"rendered":"\n<p>03 de junio de 2025- Con el compromiso de poner al ser humano en el centro de las decisiones p\u00fablicas, el diputado Ernesto Alan\u00eds Herrera, coordinador del Grupo Parlamentario del PRI, present\u00f3 la iniciativa para garantizar, por ley, el acceso obligatorio a cuidados paliativos para personas con enfermedades terminales en Durango.<\/p>\n\n\n\n<p>Durante su intervenci\u00f3n, Alan\u00eds Herrera subray\u00f3 que uno de los desaf\u00edos m\u00e1s urgentes que enfrenta el sistema de salud es atender a quienes viven con enfermedades graves, irreversibles y progresivas, en etapas avanzadas y con un pron\u00f3stico de vida limitado.<\/p>\n\n\n\n<p>\u201cCuando la medicina ya no puede ofrecer una cura, lo que la sociedad debe garantizar es alivio, presencia y dignidad. Los cuidados paliativos no son un lujo, ni una muestra espor\u00e1dica de buena voluntad. Son un derecho humano esencial\u201d, afirm\u00f3.<\/p>\n\n\n\n<p>La propuesta legislativa contempla adicionar un Cap\u00edtulo X al T\u00edtulo Cuarto de la ley correspondiente, bajo el nombre \u201cDe los cuidados paliativos a los enfermos en situaci\u00f3n terminal\u201d, incorporando 16 art\u00edculos que definan su obligatoriedad y alcance dentro del sistema estatal de salud.<\/p>\n\n\n\n<p>El objetivo, explic\u00f3, es establecer los cuidados paliativos como parte expresa, obligatoria e irrenunciable de los servicios m\u00e9dicos, asegurando que ning\u00fan duranguense quede sin acompa\u00f1amiento integral durante la etapa final de su vida.<\/p>\n\n\n\n<p>\u201cEsta no es solo una reforma t\u00e9cnica: es un acto de justicia, una manifestaci\u00f3n de humanidad, una decisi\u00f3n profundamente \u00e9tica\u201d, expres\u00f3 el legislador priista.<\/p>\n\n\n\n<p>Finalmente, consider\u00f3 que ning\u00fan sistema de salud est\u00e1 completo si no contempla el deber de acompa\u00f1ar al ser humano en su fase m\u00e1s vulnerable; por lo que esta iniciativa es un paso firme hacia una legislaci\u00f3n m\u00e1s justa, m\u00e1s compasiva y m\u00e1s cercana al dolor humano.<\/p>\n","protected":false},"excerpt":{"rendered":"<p>03 de junio de 2025- Con el compromiso de poner al ser humano en el centro de las decisiones p\u00fablicas, el diputado Ernesto Alan\u00eds Herrera, coordinador del Grupo Parlamentario del PRI, present\u00f3 la iniciativa para garantizar, por ley, el acceso obligatorio a cuidados paliativos para personas con enfermedades terminales en Durango. Durante su intervenci\u00f3n, Alan\u00eds&#8230;<\/p>\n","protected":false},"author":1,"featured_media":4069,"comment_status":"open","ping_status":"open","sticky":false,"template":"","format":"standard","meta":{"footnotes":""},"categories":[13],"tags":[],"class_list":["post-4068","post","type-post","status-publish","format-standard","has-post-thumbnail","hentry","category-congreso-de-durango"],"_links":{"self":[{"href":"https:\/\/lagumex.mx\/index\/wp-json\/wp\/v2\/posts\/4068","targetHints":{"allow":["GET"]}}],"collection":[{"href":"https:\/\/lagumex.mx\/index\/wp-json\/wp\/v2\/posts"}],"about":[{"href":"https:\/\/lagumex.mx\/index\/wp-json\/wp\/v2\/types\/post"}],"author":[{"embeddable":true,"href":"https:\/\/lagumex.mx\/index\/wp-json\/wp\/v2\/users\/1"}],"replies":[{"embeddable":true,"href":"https:\/\/lagumex.mx\/index\/wp-json\/wp\/v2\/comments?post=4068"}],"version-history":[{"count":1,"href":"https:\/\/lagumex.mx\/index\/wp-json\/wp\/v2\/posts\/4068\/revisions"}],"predecessor-version":[{"id":4070,"href":"https:\/\/lagumex.mx\/index\/wp-json\/wp\/v2\/posts\/4068\/revisions\/4070"}],"wp:featuredmedia":[{"embeddable":true,"href":"https:\/\/lagumex.mx\/index\/wp-json\/wp\/v2\/media\/4069"}],"wp:attachment":[{"href":"https:\/\/lagumex.mx\/index\/wp-json\/wp\/v2\/media?parent=4068"}],"wp:term":[{"taxonomy":"category","embeddable":true,"href":"https:\/\/lagumex.mx\/index\/wp-json\/wp\/v2\/categories?post=4068"},{"taxonomy":"post_tag","embeddable":true,"href":"https:\/\/lagumex.mx\/index\/wp-json\/wp\/v2\/tags?post=4068"}],"curies":[{"name":"wp","href":"https:\/\/api.w.org\/{rel}","templated":true}]}}