{"id":4065,"date":"2025-06-04T07:12:00","date_gmt":"2025-06-04T07:12:00","guid":{"rendered":"https:\/\/lagumex.mx\/index\/?p=4065"},"modified":"2025-06-04T19:13:34","modified_gmt":"2025-06-04T19:13:34","slug":"promueven-diputados-de-morena-derecho-a-la-vivienda-digna-para-trabajadores","status":"publish","type":"post","link":"https:\/\/lagumex.mx\/index\/uncategorized\/congreso-de-durango\/promueven-diputados-de-morena-derecho-a-la-vivienda-digna-para-trabajadores\/","title":{"rendered":"Promueven diputados de Morena derecho a la vivienda digna para trabajadores"},"content":{"rendered":"\n<p>04 de junio de 2025.- Una persona que cumple con su jornada laboral debe tener la posibilidad real de tener un hogar propio, seguro y accesible: Georgina Solorio<\/p>\n\n\n\n<p>La diputada local Georgina Solorio Garc\u00eda present\u00f3 la iniciativa de reformas a la Constituci\u00f3n Pol\u00edtica del Estado, con el objetivo de armonizarla con la reciente modificaci\u00f3n al art\u00edculo 123 de la Constituci\u00f3n federal en materia de vivienda para las personas trabajadoras.<\/p>\n\n\n\n<p>Durante su intervenci\u00f3n en tribuna, Solorio destac\u00f3 que esta armonizaci\u00f3n representa un paso firme hacia la justicia social, al reconocer que el acceso a una vivienda digna debe ser parte integral del derecho al trabajo.<\/p>\n\n\n\n<p>\u201cUna persona que cumple todos los d\u00edas con su jornada laboral tambi\u00e9n debe tener la posibilidad real de tener un hogar propio, seguro y accesible\u201d, afirm\u00f3 la integrante del Grupo Parlamentario de Morena.<\/p>\n\n\n\n<p>La iniciativa propone que el texto constitucional de Durango establezca con claridad la responsabilidad del Estado en la promoci\u00f3n de esquemas de arrendamiento social y cr\u00e9ditos justos, especialmente dirigidos a quienes m\u00e1s lo necesitan, siguiendo la l\u00ednea de la reforma federal que obliga a las empresas a aportar al Fondo Nacional de la Vivienda.<\/p>\n\n\n\n<p>Solorio enfatiz\u00f3 que no se trata de una propuesta te\u00f3rica, sino de una medida concreta para respaldar a quienes sostienen a sus familias con lo justo y que, a pesar de su esfuerzo diario, a\u00fan no cuentan con una vivienda propia.<\/p>\n\n\n\n<p>\u201cEsta reforma importa porque reconoce que no basta con hablar del derecho a la vivienda como un ideal, sino que hay que establecer con claridad las responsabilidades institucionales para hacerlo realidad\u201d, se\u00f1al\u00f3.<\/p>\n\n\n\n<p>La propuesta tambi\u00e9n tiene un fuerte componente pr\u00e1ctico, ya que sienta las bases para que desde lo local se puedan generar esquemas de apoyo complementario, convenios con instituciones federales y acciones conjuntas con el sector privado.<\/p>\n\n\n\n<p>Finalmente, la diputada hizo un llamado a sus compa\u00f1eras y compa\u00f1eros legisladores para construir, desde el Congreso del Estado, un Durango m\u00e1s justo, m\u00e1s estable y m\u00e1s seguro, donde el trabajo digno tambi\u00e9n abra la puerta a una mejor calidad de vida.<\/p>\n","protected":false},"excerpt":{"rendered":"<p>04 de junio de 2025.- Una persona que cumple con su jornada laboral debe tener la posibilidad real de tener un hogar propio, seguro y accesible: Georgina Solorio La diputada local Georgina Solorio Garc\u00eda present\u00f3 la iniciativa de reformas a la Constituci\u00f3n Pol\u00edtica del Estado, con el objetivo de armonizarla con la reciente modificaci\u00f3n al&#8230;<\/p>\n","protected":false},"author":1,"featured_media":4066,"comment_status":"open","ping_status":"open","sticky":false,"template":"","format":"standard","meta":{"footnotes":""},"categories":[13],"tags":[],"class_list":["post-4065","post","type-post","status-publish","format-standard","has-post-thumbnail","hentry","category-congreso-de-durango"],"_links":{"self":[{"href":"https:\/\/lagumex.mx\/index\/wp-json\/wp\/v2\/posts\/4065","targetHints":{"allow":["GET"]}}],"collection":[{"href":"https:\/\/lagumex.mx\/index\/wp-json\/wp\/v2\/posts"}],"about":[{"href":"https:\/\/lagumex.mx\/index\/wp-json\/wp\/v2\/types\/post"}],"author":[{"embeddable":true,"href":"https:\/\/lagumex.mx\/index\/wp-json\/wp\/v2\/users\/1"}],"replies":[{"embeddable":true,"href":"https:\/\/lagumex.mx\/index\/wp-json\/wp\/v2\/comments?post=4065"}],"version-history":[{"count":1,"href":"https:\/\/lagumex.mx\/index\/wp-json\/wp\/v2\/posts\/4065\/revisions"}],"predecessor-version":[{"id":4067,"href":"https:\/\/lagumex.mx\/index\/wp-json\/wp\/v2\/posts\/4065\/revisions\/4067"}],"wp:featuredmedia":[{"embeddable":true,"href":"https:\/\/lagumex.mx\/index\/wp-json\/wp\/v2\/media\/4066"}],"wp:attachment":[{"href":"https:\/\/lagumex.mx\/index\/wp-json\/wp\/v2\/media?parent=4065"}],"wp:term":[{"taxonomy":"category","embeddable":true,"href":"https:\/\/lagumex.mx\/index\/wp-json\/wp\/v2\/categories?post=4065"},{"taxonomy":"post_tag","embeddable":true,"href":"https:\/\/lagumex.mx\/index\/wp-json\/wp\/v2\/tags?post=4065"}],"curies":[{"name":"wp","href":"https:\/\/api.w.org\/{rel}","templated":true}]}}