{"id":4062,"date":"2025-06-02T06:20:00","date_gmt":"2025-06-02T06:20:00","guid":{"rendered":"https:\/\/lagumex.mx\/index\/?p=4062"},"modified":"2025-06-02T18:22:11","modified_gmt":"2025-06-02T18:22:11","slug":"gomez-palacio-hablo-y-gano-la-voluntad-del-pueblo-betzabe-martinez","status":"publish","type":"post","link":"https:\/\/lagumex.mx\/index\/gomez-palacio\/gomez-palacio-hablo-y-gano-la-voluntad-del-pueblo-betzabe-martinez\/","title":{"rendered":"\u201cG\u00f3mez Palacio habl\u00f3 y gan\u00f3 la voluntad del pueblo\u201d: Betzab\u00e9 Mart\u00ednez"},"content":{"rendered":"\n<p>02 de junio de 2025.- <a rel=\"noreferrer noopener\" href=\"https:\/\/oem.com.mx\/elsoldelalaguna\/local\/a-tambor-batiente-y-con-las-encuestas-a-su-favor-betzabe-martinez-cierra-campana-llamando-al-voto-por-morena-23797699\" target=\"_blank\">Betzab\u00e9 Mart\u00ednez Arango se proclam\u00f3 ganadora de la elecci\u00f3n por la presidencia municipal de G\u00f3mez Palacio<\/a>\u00a0y agradeci\u00f3 al pueblo el apoyo que manifest\u00f3 mediante su voto a lo largo de esta jornada electoral, el cual se reflej\u00f3 en una ventaja de m\u00e1s de dos d\u00edgitos, seg\u00fan las encuestas de salida.<\/p>\n\n\n\n<p>La candidata de la coalici\u00f3n Sigamos Haciendo Historia en Durango, quien a temprana hora&nbsp;<strong>sali\u00f3 a emitir su sufragio e hizo un llamado a la ciudadan\u00eda a ejercer su derecho al voto con libertad y a defender la voluntad popular<\/strong>, calific\u00f3 el desarrollo de la elecci\u00f3n como una fiesta democr\u00e1tica con contadas incidencias pero que, al final, no alteran el hecho de que el pueblo de G\u00f3mez Palacio ya decidi\u00f3: \u201c<strong>&nbsp;Hoy el pueblo habl\u00f3. Hoy las y los gomezpalatinos salieron a las urnas con valent\u00eda, con esperanza y con un profundo amor por esta tierra.<\/strong>&nbsp;!Y gan\u00f3 la voluntad del pueblo!\u201d<\/p>\n","protected":false},"excerpt":{"rendered":"<p>02 de junio de 2025.- Betzab\u00e9 Mart\u00ednez Arango se proclam\u00f3 ganadora de la elecci\u00f3n por la presidencia municipal de G\u00f3mez Palacio\u00a0y agradeci\u00f3 al pueblo el apoyo que manifest\u00f3 mediante su voto a lo largo de esta jornada electoral, el cual se reflej\u00f3 en una ventaja de m\u00e1s de dos d\u00edgitos, seg\u00fan las encuestas de salida&#8230;.<\/p>\n","protected":false},"author":1,"featured_media":4063,"comment_status":"open","ping_status":"open","sticky":false,"template":"","format":"standard","meta":{"footnotes":""},"categories":[12],"tags":[],"class_list":["post-4062","post","type-post","status-publish","format-standard","has-post-thumbnail","hentry","category-gomez-palacio"],"_links":{"self":[{"href":"https:\/\/lagumex.mx\/index\/wp-json\/wp\/v2\/posts\/4062","targetHints":{"allow":["GET"]}}],"collection":[{"href":"https:\/\/lagumex.mx\/index\/wp-json\/wp\/v2\/posts"}],"about":[{"href":"https:\/\/lagumex.mx\/index\/wp-json\/wp\/v2\/types\/post"}],"author":[{"embeddable":true,"href":"https:\/\/lagumex.mx\/index\/wp-json\/wp\/v2\/users\/1"}],"replies":[{"embeddable":true,"href":"https:\/\/lagumex.mx\/index\/wp-json\/wp\/v2\/comments?post=4062"}],"version-history":[{"count":1,"href":"https:\/\/lagumex.mx\/index\/wp-json\/wp\/v2\/posts\/4062\/revisions"}],"predecessor-version":[{"id":4064,"href":"https:\/\/lagumex.mx\/index\/wp-json\/wp\/v2\/posts\/4062\/revisions\/4064"}],"wp:featuredmedia":[{"embeddable":true,"href":"https:\/\/lagumex.mx\/index\/wp-json\/wp\/v2\/media\/4063"}],"wp:attachment":[{"href":"https:\/\/lagumex.mx\/index\/wp-json\/wp\/v2\/media?parent=4062"}],"wp:term":[{"taxonomy":"category","embeddable":true,"href":"https:\/\/lagumex.mx\/index\/wp-json\/wp\/v2\/categories?post=4062"},{"taxonomy":"post_tag","embeddable":true,"href":"https:\/\/lagumex.mx\/index\/wp-json\/wp\/v2\/tags?post=4062"}],"curies":[{"name":"wp","href":"https:\/\/api.w.org\/{rel}","templated":true}]}}