{"id":4059,"date":"2025-06-02T06:18:00","date_gmt":"2025-06-02T06:18:00","guid":{"rendered":"https:\/\/lagumex.mx\/index\/?p=4059"},"modified":"2025-06-02T18:20:57","modified_gmt":"2025-06-02T18:20:57","slug":"susy-torrecillas-gobernara-lerdo","status":"publish","type":"post","link":"https:\/\/lagumex.mx\/index\/lerdo\/susy-torrecillas-gobernara-lerdo\/","title":{"rendered":"Susy Torrecillas gobernar\u00e1 Lerdo"},"content":{"rendered":"\n<p>02 de junio de 2025, Lerdo, Durango.<a rel=\"noreferrer noopener\" href=\"https:\/\/oem.com.mx\/elsoldelalaguna\/local\/susy-torrecillas-confia-en-la-voluntad-del-pueblo-lerdense-para-ganar-la-eleccion-23882057\" target=\"_blank\">&#8211; Susy Torrecillas, candidata de la coalici\u00f3n PRI-PAN \u2018Unidad y Grandeza\u2019, se declar\u00f3 ganadora de la contienda por la alcald\u00eda de Lerdo<\/a>\u00a0que se llev\u00f3 a cabo este domingo primero de junio<strong>, asegurando que obtuvo un triunfo por un importante margen de 3 a 1 sobre Flora Leal,<\/strong>\u00a0quien represent\u00f3 a Morena-PT-PV, celebrando la virtual presidenta municipal con todo su equipo de trabajo una hora y media despu\u00e9s de cerrarse las votaciones.<\/p>\n\n\n\n<p>Al grito d<strong>e \u00a1Susy presidenta, Susy presidenta<\/strong>!, la candidata fue recibida en conocido restaurante de la llamada Ciudad Jard\u00edn, lugar donde cit\u00f3 a los medios de comunicaci\u00f3n para dar la noticia de su contundente victoria.<\/p>\n","protected":false},"excerpt":{"rendered":"<p>02 de junio de 2025, Lerdo, Durango.&#8211; Susy Torrecillas, candidata de la coalici\u00f3n PRI-PAN \u2018Unidad y Grandeza\u2019, se declar\u00f3 ganadora de la contienda por la alcald\u00eda de Lerdo\u00a0que se llev\u00f3 a cabo este domingo primero de junio, asegurando que obtuvo un triunfo por un importante margen de 3 a 1 sobre Flora Leal,\u00a0quien represent\u00f3 a&#8230;<\/p>\n","protected":false},"author":1,"featured_media":4060,"comment_status":"open","ping_status":"open","sticky":false,"template":"","format":"standard","meta":{"footnotes":""},"categories":[3],"tags":[],"class_list":["post-4059","post","type-post","status-publish","format-standard","has-post-thumbnail","hentry","category-lerdo"],"_links":{"self":[{"href":"https:\/\/lagumex.mx\/index\/wp-json\/wp\/v2\/posts\/4059","targetHints":{"allow":["GET"]}}],"collection":[{"href":"https:\/\/lagumex.mx\/index\/wp-json\/wp\/v2\/posts"}],"about":[{"href":"https:\/\/lagumex.mx\/index\/wp-json\/wp\/v2\/types\/post"}],"author":[{"embeddable":true,"href":"https:\/\/lagumex.mx\/index\/wp-json\/wp\/v2\/users\/1"}],"replies":[{"embeddable":true,"href":"https:\/\/lagumex.mx\/index\/wp-json\/wp\/v2\/comments?post=4059"}],"version-history":[{"count":1,"href":"https:\/\/lagumex.mx\/index\/wp-json\/wp\/v2\/posts\/4059\/revisions"}],"predecessor-version":[{"id":4061,"href":"https:\/\/lagumex.mx\/index\/wp-json\/wp\/v2\/posts\/4059\/revisions\/4061"}],"wp:featuredmedia":[{"embeddable":true,"href":"https:\/\/lagumex.mx\/index\/wp-json\/wp\/v2\/media\/4060"}],"wp:attachment":[{"href":"https:\/\/lagumex.mx\/index\/wp-json\/wp\/v2\/media?parent=4059"}],"wp:term":[{"taxonomy":"category","embeddable":true,"href":"https:\/\/lagumex.mx\/index\/wp-json\/wp\/v2\/categories?post=4059"},{"taxonomy":"post_tag","embeddable":true,"href":"https:\/\/lagumex.mx\/index\/wp-json\/wp\/v2\/tags?post=4059"}],"curies":[{"name":"wp","href":"https:\/\/api.w.org\/{rel}","templated":true}]}}