{"id":4046,"date":"2025-05-21T06:03:00","date_gmt":"2025-05-21T06:03:00","guid":{"rendered":"https:\/\/lagumex.mx\/index\/?p=4046"},"modified":"2025-06-02T18:04:33","modified_gmt":"2025-06-02T18:04:33","slug":"prevencion-social-realiza-exitosa-jornada-de-salud-para-mascotas-en-lerdo","status":"publish","type":"post","link":"https:\/\/lagumex.mx\/index\/lerdo\/prevencion-social-realiza-exitosa-jornada-de-salud-para-mascotas-en-lerdo\/","title":{"rendered":"Prevenci\u00f3n Social realiza exitosa jornada de salud para mascotas en Lerdo"},"content":{"rendered":"\n<p>21 de mayo de 2025.- El pasado martes,<strong>\u00a0el Departamento de Prevenci\u00f3n Social y Resguardo Canino llev\u00f3 a cabo una exitosa jornada de salud animal\u00a0<\/strong>en dos puntos clave de la localidad: la Unidad Administrativa de San Isidro y la Plaza de la Rinconada, beneficiando a decenas de familias y sus mascotas.  Durante la jornada,<strong>\u00a0se realizaron un total de 67 esterilizaciones de perros y gatos<\/strong>, un\u00a0<strong>procedimiento fundamental para controlar la sobrepoblaci\u00f3n animal<\/strong>, prevenir enfermedades y mejorar el comportamiento de las mascotas.\u00a0<strong>Esterilizar ayuda a reducir la incidencia de abandonos\u00a0<\/strong>y tambi\u00e9n protege a los animales de padecimientos como infecciones uterinas y ciertos tipos de c\u00e1ncer.<\/p>\n\n\n\n<p>Adem\u00e1s<strong>, se aplicaron 108 vacunas antirr\u00e1bicas, un paso vital para proteger tanto a los animales como a los humanos de la rabia<\/strong>, una enfermedad mortal que puede transmitirse por mordedura. La vacunaci\u00f3n no solo es una medida sanitaria, sino tambi\u00e9n un acto de responsabilidad ciudadana que contribuye a mantener comunidades m\u00e1s seguras.<\/p>\n","protected":false},"excerpt":{"rendered":"<p>21 de mayo de 2025.- El pasado martes,\u00a0el Departamento de Prevenci\u00f3n Social y Resguardo Canino llev\u00f3 a cabo una exitosa jornada de salud animal\u00a0en dos puntos clave de la localidad: la Unidad Administrativa de San Isidro y la Plaza de la Rinconada, beneficiando a decenas de familias y sus mascotas. Durante la jornada,\u00a0se realizaron un&#8230;<\/p>\n","protected":false},"author":1,"featured_media":0,"comment_status":"open","ping_status":"open","sticky":false,"template":"","format":"standard","meta":{"footnotes":""},"categories":[3],"tags":[],"class_list":["post-4046","post","type-post","status-publish","format-standard","hentry","category-lerdo"],"_links":{"self":[{"href":"https:\/\/lagumex.mx\/index\/wp-json\/wp\/v2\/posts\/4046","targetHints":{"allow":["GET"]}}],"collection":[{"href":"https:\/\/lagumex.mx\/index\/wp-json\/wp\/v2\/posts"}],"about":[{"href":"https:\/\/lagumex.mx\/index\/wp-json\/wp\/v2\/types\/post"}],"author":[{"embeddable":true,"href":"https:\/\/lagumex.mx\/index\/wp-json\/wp\/v2\/users\/1"}],"replies":[{"embeddable":true,"href":"https:\/\/lagumex.mx\/index\/wp-json\/wp\/v2\/comments?post=4046"}],"version-history":[{"count":1,"href":"https:\/\/lagumex.mx\/index\/wp-json\/wp\/v2\/posts\/4046\/revisions"}],"predecessor-version":[{"id":4047,"href":"https:\/\/lagumex.mx\/index\/wp-json\/wp\/v2\/posts\/4046\/revisions\/4047"}],"wp:attachment":[{"href":"https:\/\/lagumex.mx\/index\/wp-json\/wp\/v2\/media?parent=4046"}],"wp:term":[{"taxonomy":"category","embeddable":true,"href":"https:\/\/lagumex.mx\/index\/wp-json\/wp\/v2\/categories?post=4046"},{"taxonomy":"post_tag","embeddable":true,"href":"https:\/\/lagumex.mx\/index\/wp-json\/wp\/v2\/tags?post=4046"}],"curies":[{"name":"wp","href":"https:\/\/api.w.org\/{rel}","templated":true}]}}