{"id":4043,"date":"2025-05-22T17:57:00","date_gmt":"2025-05-22T17:57:00","guid":{"rendered":"https:\/\/lagumex.mx\/index\/?p=4043"},"modified":"2025-06-02T18:02:35","modified_gmt":"2025-06-02T18:02:35","slug":"limpieza-intensiva-en-plazas-de-san-jacinto-y-salamanca","status":"publish","type":"post","link":"https:\/\/lagumex.mx\/index\/lerdo\/limpieza-intensiva-en-plazas-de-san-jacinto-y-salamanca\/","title":{"rendered":"Limpieza intensiva en plazas de San Jacinto y Salamanca"},"content":{"rendered":"\n<p>22 de mayo de 2025.- Por instrucciones del Presidente Municipal,\u00a0<a rel=\"noreferrer noopener\" href=\"https:\/\/oem.com.mx\/elsoldelalaguna\/local\/inician-trabajos-de-pavimentacion-en-calle-principal-de-el-salitral-rumbo-a-salamanca-23455055\" target=\"_blank\">Homero Mart\u00ednez Cabrera<\/a>,\u00a0<strong>la Direcci\u00f3n de Servicios P\u00fablicos llev\u00f3 a cabo trabajos de limpieza intensiva en las plazas de San Jacinto y Salamanca<\/strong>, atendiendo una solicitud de los vecinos de la zona, quienes hab\u00edan manifestado su preocupaci\u00f3n por las condiciones del lugar.  Las labores\u00a0<strong>incluyeron limpieza general y de mobiliario urbano<\/strong>\u00a0como bancas, juegos infantiles y contenedores de basura, adem\u00e1s del deshierbe,\u00a0<strong>recolecci\u00f3n de residuos s\u00f3lidos y poda de \u00e1rboles<\/strong>, con el objetivo de mejorar la calidad de estos espacios p\u00fablicos. Con estas acciones<a rel=\"noreferrer noopener\" href=\"https:\/\/oem.com.mx\/elsoldelalaguna\/local\/servicios-publicos-de-lerdo-dan-mantenimiento-a-vialidades-22974862\" target=\"_blank\">, se busca ofrecer a la ciudadan\u00eda entornos m\u00e1s seguros, limpios y agradables<\/a>\u00a0para la convivencia y la recreaci\u00f3n, promoviendo as\u00ed el bienestar social y la salud de los asistentes<\/p>\n","protected":false},"excerpt":{"rendered":"<p>22 de mayo de 2025.- Por instrucciones del Presidente Municipal,\u00a0Homero Mart\u00ednez Cabrera,\u00a0la Direcci\u00f3n de Servicios P\u00fablicos llev\u00f3 a cabo trabajos de limpieza intensiva en las plazas de San Jacinto y Salamanca, atendiendo una solicitud de los vecinos de la zona, quienes hab\u00edan manifestado su preocupaci\u00f3n por las condiciones del lugar. Las labores\u00a0incluyeron limpieza general y&#8230;<\/p>\n","protected":false},"author":1,"featured_media":4044,"comment_status":"open","ping_status":"open","sticky":false,"template":"","format":"standard","meta":{"footnotes":""},"categories":[3],"tags":[],"class_list":["post-4043","post","type-post","status-publish","format-standard","has-post-thumbnail","hentry","category-lerdo"],"_links":{"self":[{"href":"https:\/\/lagumex.mx\/index\/wp-json\/wp\/v2\/posts\/4043","targetHints":{"allow":["GET"]}}],"collection":[{"href":"https:\/\/lagumex.mx\/index\/wp-json\/wp\/v2\/posts"}],"about":[{"href":"https:\/\/lagumex.mx\/index\/wp-json\/wp\/v2\/types\/post"}],"author":[{"embeddable":true,"href":"https:\/\/lagumex.mx\/index\/wp-json\/wp\/v2\/users\/1"}],"replies":[{"embeddable":true,"href":"https:\/\/lagumex.mx\/index\/wp-json\/wp\/v2\/comments?post=4043"}],"version-history":[{"count":1,"href":"https:\/\/lagumex.mx\/index\/wp-json\/wp\/v2\/posts\/4043\/revisions"}],"predecessor-version":[{"id":4045,"href":"https:\/\/lagumex.mx\/index\/wp-json\/wp\/v2\/posts\/4043\/revisions\/4045"}],"wp:featuredmedia":[{"embeddable":true,"href":"https:\/\/lagumex.mx\/index\/wp-json\/wp\/v2\/media\/4044"}],"wp:attachment":[{"href":"https:\/\/lagumex.mx\/index\/wp-json\/wp\/v2\/media?parent=4043"}],"wp:term":[{"taxonomy":"category","embeddable":true,"href":"https:\/\/lagumex.mx\/index\/wp-json\/wp\/v2\/categories?post=4043"},{"taxonomy":"post_tag","embeddable":true,"href":"https:\/\/lagumex.mx\/index\/wp-json\/wp\/v2\/tags?post=4043"}],"curies":[{"name":"wp","href":"https:\/\/api.w.org\/{rel}","templated":true}]}}