{"id":4038,"date":"2025-05-26T17:54:00","date_gmt":"2025-05-26T17:54:00","guid":{"rendered":"https:\/\/lagumex.mx\/index\/?p=4038"},"modified":"2025-06-02T17:56:24","modified_gmt":"2025-06-02T17:56:24","slug":"las-autoridades-buscan-salvaguardar-la-integridad-de-los-visitantes","status":"publish","type":"post","link":"https:\/\/lagumex.mx\/index\/lerdo\/las-autoridades-buscan-salvaguardar-la-integridad-de-los-visitantes\/","title":{"rendered":"Las autoridades buscan salvaguardar la integridad de los visitantes"},"content":{"rendered":"\n<p>26 de mayo de 2025.- <a rel=\"noreferrer noopener\" href=\"https:\/\/oem.com.mx\/elsoldelalaguna\/local\/exhorta-proteccion-civil-a-respetar-medidas-preventivas-en-parajes-del-rio-nazas-23025997\" target=\"_blank\">La Coordinaci\u00f3n de Protecci\u00f3n Civil y Bomberos del Municipio de Lerdo<\/a>\u00a0inform\u00f3 que durante el pasado fin de semana\u00a0<strong>se llevaron a cabo labores de supervisi\u00f3n y vigilancia\u00a0<\/strong>en diversos parajes a lo largo del R\u00edo Nazas, como parte de las acciones preventivas tras la reciente apertura de las compuertas. <strong>El primer punto supervisado fue el paraje de La Loma<\/strong>, donde los elementos de ambas corporaciones solicitaron a las personas que se encontraban dentro del r\u00edo que salieran del mismo, dado que\u00a0<strong>muchos de ellos estaban acompa\u00f1ados por menores de edad y el caudal representaba un riesgo significativo.\u00a0<\/strong>En este lugar se concentraba una gran cantidad de visitantes a lo largo de la orilla.Estas acciones se realizan en cumplimiento de la indicaci\u00f3n del alcalde<strong>\u00a0Homero Mart\u00ednez Cabrera, quien exhort\u00f3 a la ciudadan\u00eda a evitar introducirse a nadar tanto en el R\u00edo Nazas como en los canales de riego.\u00a0<\/strong>El edil subray\u00f3 la importancia de generar conciencia sobre los riesgos que implica esta actividad, no solo para quienes ingresan al agua, sino tambi\u00e9n para sus familiares en caso de un intento de rescate.<\/p>\n","protected":false},"excerpt":{"rendered":"<p>26 de mayo de 2025.- La Coordinaci\u00f3n de Protecci\u00f3n Civil y Bomberos del Municipio de Lerdo\u00a0inform\u00f3 que durante el pasado fin de semana\u00a0se llevaron a cabo labores de supervisi\u00f3n y vigilancia\u00a0en diversos parajes a lo largo del R\u00edo Nazas, como parte de las acciones preventivas tras la reciente apertura de las compuertas. El primer punto&#8230;<\/p>\n","protected":false},"author":1,"featured_media":4039,"comment_status":"open","ping_status":"open","sticky":false,"template":"","format":"standard","meta":{"footnotes":""},"categories":[3],"tags":[],"class_list":["post-4038","post","type-post","status-publish","format-standard","has-post-thumbnail","hentry","category-lerdo"],"_links":{"self":[{"href":"https:\/\/lagumex.mx\/index\/wp-json\/wp\/v2\/posts\/4038","targetHints":{"allow":["GET"]}}],"collection":[{"href":"https:\/\/lagumex.mx\/index\/wp-json\/wp\/v2\/posts"}],"about":[{"href":"https:\/\/lagumex.mx\/index\/wp-json\/wp\/v2\/types\/post"}],"author":[{"embeddable":true,"href":"https:\/\/lagumex.mx\/index\/wp-json\/wp\/v2\/users\/1"}],"replies":[{"embeddable":true,"href":"https:\/\/lagumex.mx\/index\/wp-json\/wp\/v2\/comments?post=4038"}],"version-history":[{"count":1,"href":"https:\/\/lagumex.mx\/index\/wp-json\/wp\/v2\/posts\/4038\/revisions"}],"predecessor-version":[{"id":4040,"href":"https:\/\/lagumex.mx\/index\/wp-json\/wp\/v2\/posts\/4038\/revisions\/4040"}],"wp:featuredmedia":[{"embeddable":true,"href":"https:\/\/lagumex.mx\/index\/wp-json\/wp\/v2\/media\/4039"}],"wp:attachment":[{"href":"https:\/\/lagumex.mx\/index\/wp-json\/wp\/v2\/media?parent=4038"}],"wp:term":[{"taxonomy":"category","embeddable":true,"href":"https:\/\/lagumex.mx\/index\/wp-json\/wp\/v2\/categories?post=4038"},{"taxonomy":"post_tag","embeddable":true,"href":"https:\/\/lagumex.mx\/index\/wp-json\/wp\/v2\/tags?post=4038"}],"curies":[{"name":"wp","href":"https:\/\/api.w.org\/{rel}","templated":true}]}}