{"id":4030,"date":"2025-05-27T17:47:00","date_gmt":"2025-05-27T17:47:00","guid":{"rendered":"https:\/\/lagumex.mx\/index\/?p=4030"},"modified":"2025-06-02T17:49:30","modified_gmt":"2025-06-02T17:49:30","slug":"da-bienvenida-homero-martinez-a-la-guardia-nacional-y-marina-a-lerdo","status":"publish","type":"post","link":"https:\/\/lagumex.mx\/index\/lerdo\/da-bienvenida-homero-martinez-a-la-guardia-nacional-y-marina-a-lerdo\/","title":{"rendered":"Da bienvenida Homero Mart\u00ednez a la Guardia Nacional y Marina a Lerdo"},"content":{"rendered":"\n<p>27 de mayo de 2025.- Este martes el\u00a0<strong><a rel=\"noreferrer noopener\" href=\"https:\/\/oem.com.mx\/elsoldelalaguna\/local\/en-lerdo-se-mantendran-asegurados-vehiculos-oficiales-durante-proceso-de-elecciones-23784756\" target=\"_blank\">presidente municipal de Lerdo Homero Mart\u00ednez Cabrera<\/a><\/strong>, asisti\u00f3 a la quinta reuni\u00f3n del Mando Especial de la Laguna, donde se abordaron los temas relacionados con las estrategias, que habr\u00e1n de llevarse a cabo para\u00a0<strong>reforzar la seguridad<\/strong>\u00a0el pr\u00f3ximo fin de semana, que se desarrollar\u00e1n las\u00a0<strong><a rel=\"noreferrer noopener\" href=\"https:\/\/oem.com.mx\/elsoldelalaguna\/local\/espera-el-iec-buena-asistencia-a-las-urnas-23796361\" target=\"_blank\">elecciones locales de Durango.<\/a><\/strong> Ah\u00ed, se anunci\u00f3 por parte de las\u00a0<strong><a rel=\"noreferrer noopener\" href=\"https:\/\/oem.com.mx\/elsoldelalaguna\/local\/gobierno-del-estado-refuerza-coordinacion-operativa-para-garantizar-seguridad-durante-el-proceso-electoral-23782966\" target=\"_blank\">autoridades militares,<\/a><\/strong>\u00a0que se tendr\u00e1 una fuerza extra de seiscientos elementos de la\u00a0<strong>Guardia Nacional y Marina,<\/strong>\u00a0que apoyar\u00e1n la seguridad el pr\u00f3ximo fin de semana, en coordinaci\u00f3n con las autoridades locales.  Por su parte el presidente municipal Homero Mart\u00ednez, expres\u00f3 su benepl\u00e1cito por la llegada de las fuerzas federales.<em>\u201cBienvenidos los elementos de la guardia nacional a Lerdo, somos los m\u00e1s interesados en que la jornada electoral se desarrolle sin incidentes, los ciudadanos podr\u00e1n salir a votar con la seguridad, de que los tres \u00f3rdenes de gobierno trabajaremos coordinados, para que esta fiesta democr\u00e1tica se lleve a cabo sin contratiempos y de forma segura\u201d<\/em>expres\u00f3<\/p>\n","protected":false},"excerpt":{"rendered":"<p>27 de mayo de 2025.- Este martes el\u00a0presidente municipal de Lerdo Homero Mart\u00ednez Cabrera, asisti\u00f3 a la quinta reuni\u00f3n del Mando Especial de la Laguna, donde se abordaron los temas relacionados con las estrategias, que habr\u00e1n de llevarse a cabo para\u00a0reforzar la seguridad\u00a0el pr\u00f3ximo fin de semana, que se desarrollar\u00e1n las\u00a0elecciones locales de Durango. Ah\u00ed,&#8230;<\/p>\n","protected":false},"author":1,"featured_media":4031,"comment_status":"open","ping_status":"open","sticky":false,"template":"","format":"standard","meta":{"footnotes":""},"categories":[3],"tags":[],"class_list":["post-4030","post","type-post","status-publish","format-standard","has-post-thumbnail","hentry","category-lerdo"],"_links":{"self":[{"href":"https:\/\/lagumex.mx\/index\/wp-json\/wp\/v2\/posts\/4030","targetHints":{"allow":["GET"]}}],"collection":[{"href":"https:\/\/lagumex.mx\/index\/wp-json\/wp\/v2\/posts"}],"about":[{"href":"https:\/\/lagumex.mx\/index\/wp-json\/wp\/v2\/types\/post"}],"author":[{"embeddable":true,"href":"https:\/\/lagumex.mx\/index\/wp-json\/wp\/v2\/users\/1"}],"replies":[{"embeddable":true,"href":"https:\/\/lagumex.mx\/index\/wp-json\/wp\/v2\/comments?post=4030"}],"version-history":[{"count":1,"href":"https:\/\/lagumex.mx\/index\/wp-json\/wp\/v2\/posts\/4030\/revisions"}],"predecessor-version":[{"id":4032,"href":"https:\/\/lagumex.mx\/index\/wp-json\/wp\/v2\/posts\/4030\/revisions\/4032"}],"wp:featuredmedia":[{"embeddable":true,"href":"https:\/\/lagumex.mx\/index\/wp-json\/wp\/v2\/media\/4031"}],"wp:attachment":[{"href":"https:\/\/lagumex.mx\/index\/wp-json\/wp\/v2\/media?parent=4030"}],"wp:term":[{"taxonomy":"category","embeddable":true,"href":"https:\/\/lagumex.mx\/index\/wp-json\/wp\/v2\/categories?post=4030"},{"taxonomy":"post_tag","embeddable":true,"href":"https:\/\/lagumex.mx\/index\/wp-json\/wp\/v2\/tags?post=4030"}],"curies":[{"name":"wp","href":"https:\/\/api.w.org\/{rel}","templated":true}]}}