{"id":4027,"date":"2025-05-30T05:39:00","date_gmt":"2025-05-30T05:39:00","guid":{"rendered":"https:\/\/lagumex.mx\/index\/?p=4027"},"modified":"2025-06-02T17:46:48","modified_gmt":"2025-06-02T17:46:48","slug":"a-resguardo-todo-el-parque-vehicular-por-elecciones","status":"publish","type":"post","link":"https:\/\/lagumex.mx\/index\/lerdo\/a-resguardo-todo-el-parque-vehicular-por-elecciones\/","title":{"rendered":"A resguardo todo el parque vehicular por elecciones"},"content":{"rendered":"\n<p>31 de mayo de 2025.- Tanto en el Municipio de Lerdo as\u00ed como en G\u00f3mez Palacio, por motivos de la veda y\u00a0<strong><a rel=\"noreferrer noopener\" href=\"https:\/\/oem.com.mx\/elsoldelalaguna\/local\/carcel-por-venta-o-transporte-de-alcohol-el-fin-de-semana-en-torreon-23846104\" target=\"_blank\">proceso electoral<\/a><\/strong>\u00a0que se desarrollar\u00e1 este\u00a0<strong><a rel=\"noreferrer noopener\" href=\"https:\/\/oem.com.mx\/elsoldelalaguna\/local\/se-garantiza-seguridad-y-certidumbre-en-las-elecciones-del-poder-judicial-este-domingo-en-coahuila-23837386\" target=\"_blank\">domingo 01 de junio<\/a><\/strong>, todo el\u00a0<strong>parque vehicular estar\u00e1 en resguardo\u00a0<\/strong>por indicaciones estrictamente preventivas. Jes\u00fas Eduardo Lara Urbi, secretario del Ayuntamiento de Lerdo, Durango, comparti\u00f3 para esta casa editora que por instrucciones del presidente municipal, todos los veh\u00edculos\u00a0<strong>ser\u00e1n resguardados a partir de este viernes al finalizar la jornada laboral.<\/strong> En el caso del Municipio de Lerdo, enfatiz\u00f3 el funcionario que ser\u00e1n resguardados en las instalaciones de\u00a0<strong>Servicios P\u00fablicos\u00a0<\/strong>donde el espacio es m\u00e1s amplio.\u00a0<em>\u201cSon instrucciones precisas del alcalde, se van a acatar y no van a ver veh\u00edculos circulando que no deban de estar\u201d,<\/em>\u00a0se\u00f1al\u00f3.<\/p>\n","protected":false},"excerpt":{"rendered":"<p>31 de mayo de 2025.- Tanto en el Municipio de Lerdo as\u00ed como en G\u00f3mez Palacio, por motivos de la veda y\u00a0proceso electoral\u00a0que se desarrollar\u00e1 este\u00a0domingo 01 de junio, todo el\u00a0parque vehicular estar\u00e1 en resguardo\u00a0por indicaciones estrictamente preventivas. Jes\u00fas Eduardo Lara Urbi, secretario del Ayuntamiento de Lerdo, Durango, comparti\u00f3 para esta casa editora que por&#8230;<\/p>\n","protected":false},"author":1,"featured_media":4028,"comment_status":"open","ping_status":"open","sticky":false,"template":"","format":"standard","meta":{"footnotes":""},"categories":[3],"tags":[],"class_list":["post-4027","post","type-post","status-publish","format-standard","has-post-thumbnail","hentry","category-lerdo"],"_links":{"self":[{"href":"https:\/\/lagumex.mx\/index\/wp-json\/wp\/v2\/posts\/4027","targetHints":{"allow":["GET"]}}],"collection":[{"href":"https:\/\/lagumex.mx\/index\/wp-json\/wp\/v2\/posts"}],"about":[{"href":"https:\/\/lagumex.mx\/index\/wp-json\/wp\/v2\/types\/post"}],"author":[{"embeddable":true,"href":"https:\/\/lagumex.mx\/index\/wp-json\/wp\/v2\/users\/1"}],"replies":[{"embeddable":true,"href":"https:\/\/lagumex.mx\/index\/wp-json\/wp\/v2\/comments?post=4027"}],"version-history":[{"count":1,"href":"https:\/\/lagumex.mx\/index\/wp-json\/wp\/v2\/posts\/4027\/revisions"}],"predecessor-version":[{"id":4029,"href":"https:\/\/lagumex.mx\/index\/wp-json\/wp\/v2\/posts\/4027\/revisions\/4029"}],"wp:featuredmedia":[{"embeddable":true,"href":"https:\/\/lagumex.mx\/index\/wp-json\/wp\/v2\/media\/4028"}],"wp:attachment":[{"href":"https:\/\/lagumex.mx\/index\/wp-json\/wp\/v2\/media?parent=4027"}],"wp:term":[{"taxonomy":"category","embeddable":true,"href":"https:\/\/lagumex.mx\/index\/wp-json\/wp\/v2\/categories?post=4027"},{"taxonomy":"post_tag","embeddable":true,"href":"https:\/\/lagumex.mx\/index\/wp-json\/wp\/v2\/tags?post=4027"}],"curies":[{"name":"wp","href":"https:\/\/api.w.org\/{rel}","templated":true}]}}