{"id":4024,"date":"2025-05-03T14:01:36","date_gmt":"2025-05-03T14:01:36","guid":{"rendered":"http:\/\/lagumex.mx\/index\/?p=4024"},"modified":"2025-05-06T14:02:33","modified_gmt":"2025-05-06T14:02:33","slug":"nuestra-paz-laboral-es-un-pilar-fundamental-para-el-desarrollo-de-coahuila-manolo","status":"publish","type":"post","link":"https:\/\/lagumex.mx\/index\/uncategorized\/uac\/uac-uac\/coahuila-coahuila\/nuestra-paz-laboral-es-un-pilar-fundamental-para-el-desarrollo-de-coahuila-manolo\/","title":{"rendered":"Nuestra paz laboral es un pilar fundamental para el desarrollo de Coahuila: Manolo"},"content":{"rendered":"\n<p>03 de mayo de 2025, <strong>Saltillo, Coahuila de Zaragoza<\/strong>.- El gobernador Manolo Jim\u00e9nez Salinas presidi\u00f3 la ceremonia con la que se conmemor\u00f3 el D\u00eda Internacional del Trabajo, evento en el cual el Mandatario estatal reiter\u00f3 su compromiso con todo el sector laboral de la entidad para, juntos, seguir construyendo la grandeza de Coahuila de Zaragoza.<\/p>\n\n\n\n<p>Jim\u00e9nez Salinas mencion\u00f3 que \u201cen el marco del D\u00eda del Trabajo reiteramos nuestro compromiso con los trabajadores, sindicatos, empresas, c\u00e1maras e instituciones de los tres \u00f3rdenes de gobierno para que juntos sigamos fortaleciendo la paz laboral que tenemos en Coahuila y que nos permite ser uno de los mejores Estados del pa\u00eds para vivir, trabajar, e invertir. Adem\u00e1s, durante este encuentro tuvimos la oportunidad de honrar la memoria de dos grandes l\u00edderes sindicales; Don Mario Enrique Morales y Don Pepe Reyes Blanco.\u201d<\/p>\n\n\n\n<p>Junto a l\u00edderes sindicales y patronales, as\u00ed como los titulares de los poderes Legislativo y Judicial en el estado, Manolo Jim\u00e9nez reconoci\u00f3 a la fuerza laboral de Coahuila, la que dijo es la mejor capacitada del pa\u00eds y que es parte fundamental en el crecimiento y desarrollo de la entidad.<\/p>\n\n\n\n<p>En ese sentido, destac\u00f3 que uno de los pilares que tiene Coahuila para la atracci\u00f3n de inversiones, adem\u00e1s de la seguridad, es la paz laboral que se vive desde hace varios a\u00f1os. Se\u00f1al\u00f3 que detr\u00e1s de ella hay un gran esfuerzo, hay mucho trabajo, hay muchas negociaciones, y hay, principalmente, un gran amor por Coahuila.<\/p>\n\n\n\n<p>A\u00f1adi\u00f3 que las grandes empresas, internacionales y nacionales, cuando quieren invertir en un estado, se fijan en varios factores, como la seguridad, el estado de derecho, la mano de obra calificada, la conexi\u00f3n entre la academia y la industria, y la paz laboral.<\/p>\n\n\n\n<p>\u201cHoy Coahuila es uno de los estados m\u00e1s fuertes y m\u00e1s desarrollados de este pa\u00eds, gracias a todas y todos ustedes, los y las trabajadoras\u201d, coment\u00f3.<\/p>\n\n\n\n<p>Pidi\u00f3 seguir fortaleciendo esta paz laboral, seguir trabajando en equipo y de manera coordinada para encontrar siempre ese punto de encuentro para todos, y que, de esa manera, nuestro estado se siga fortaleciendo y se siga desarrollando.<\/p>\n\n\n\n<p>\u201cCuenten con nosotros al cien por ciento, y tambi\u00e9n hacemos el compromiso de seguir trabajando por la calidad de vida de nuestras familias, y de seguir manteniendo nuestro estado seguro y en orden\u201d, se\u00f1al\u00f3.<\/p>\n\n\n\n<p>Manolo Jim\u00e9nez mencion\u00f3 que lo m\u00e1s importante para la gente es que tenga acceso a nuevas oportunidades de empleo, y que la herramienta m\u00e1s poderosa para que las y los coahuilenses puedan salir adelante, es que tengan acceso a buenos trabajos.<\/p>\n","protected":false},"excerpt":{"rendered":"<p>03 de mayo de 2025, Saltillo, Coahuila de Zaragoza.- El gobernador Manolo Jim\u00e9nez Salinas presidi\u00f3 la ceremonia con la que se conmemor\u00f3 el D\u00eda Internacional del Trabajo, evento en el cual el Mandatario estatal reiter\u00f3 su compromiso con todo el sector laboral de la entidad para, juntos, seguir construyendo la grandeza de Coahuila de Zaragoza&#8230;.<\/p>\n","protected":false},"author":1,"featured_media":4025,"comment_status":"open","ping_status":"open","sticky":false,"template":"","format":"standard","meta":{"footnotes":""},"categories":[2],"tags":[],"class_list":["post-4024","post","type-post","status-publish","format-standard","has-post-thumbnail","hentry","category-coahuila-coahuila"],"_links":{"self":[{"href":"https:\/\/lagumex.mx\/index\/wp-json\/wp\/v2\/posts\/4024","targetHints":{"allow":["GET"]}}],"collection":[{"href":"https:\/\/lagumex.mx\/index\/wp-json\/wp\/v2\/posts"}],"about":[{"href":"https:\/\/lagumex.mx\/index\/wp-json\/wp\/v2\/types\/post"}],"author":[{"embeddable":true,"href":"https:\/\/lagumex.mx\/index\/wp-json\/wp\/v2\/users\/1"}],"replies":[{"embeddable":true,"href":"https:\/\/lagumex.mx\/index\/wp-json\/wp\/v2\/comments?post=4024"}],"version-history":[{"count":1,"href":"https:\/\/lagumex.mx\/index\/wp-json\/wp\/v2\/posts\/4024\/revisions"}],"predecessor-version":[{"id":4026,"href":"https:\/\/lagumex.mx\/index\/wp-json\/wp\/v2\/posts\/4024\/revisions\/4026"}],"wp:featuredmedia":[{"embeddable":true,"href":"https:\/\/lagumex.mx\/index\/wp-json\/wp\/v2\/media\/4025"}],"wp:attachment":[{"href":"https:\/\/lagumex.mx\/index\/wp-json\/wp\/v2\/media?parent=4024"}],"wp:term":[{"taxonomy":"category","embeddable":true,"href":"https:\/\/lagumex.mx\/index\/wp-json\/wp\/v2\/categories?post=4024"},{"taxonomy":"post_tag","embeddable":true,"href":"https:\/\/lagumex.mx\/index\/wp-json\/wp\/v2\/tags?post=4024"}],"curies":[{"name":"wp","href":"https:\/\/api.w.org\/{rel}","templated":true}]}}