{"id":4010,"date":"2025-04-27T01:17:00","date_gmt":"2025-04-27T01:17:00","guid":{"rendered":"http:\/\/lagumex.mx\/index\/?p=4010"},"modified":"2025-05-02T01:22:25","modified_gmt":"2025-05-02T01:22:25","slug":"brinda-dif-de-lerdo-atencion-medica-a-los-mas-pequenos-del-hogar","status":"publish","type":"post","link":"https:\/\/lagumex.mx\/index\/lerdo\/brinda-dif-de-lerdo-atencion-medica-a-los-mas-pequenos-del-hogar\/","title":{"rendered":"Brinda DIF de Lerdo atenci\u00f3n m\u00e9dica a los m\u00e1s peque\u00f1os del hogar"},"content":{"rendered":"\n<p>27 de abril de 2025.- El Sistema para el Desarrollo Integral de la Familia (DIF) de Lerdo\u00a0<strong>brinda m\u00e1s de 15 mil servicios al a\u00f1o para los peque\u00f1os del hogar<\/strong>, ya que cuenta con diferentes \u00e1reas de atenci\u00f3n a la ni\u00f1ez,\u00a0<strong>desde terapias de psicolog\u00eda, atenci\u00f3n m\u00e9dica b\u00e1sica y de odontolog\u00eda, hasta podolog\u00eda, examenes de la visi\u00f3<\/strong>n, y brigadas con programas como \u201cCu\u00eddame\u201d para la\u00a0<strong>prevenci\u00f3n de la violencia infantil, seguridad y protecci\u00f3n al derecho a una infancia feliz<\/strong>, \u201cBeca 300\u201d para apoyo a personas con discapacidad, Desayunos Escolares y \u201cApoyo Alimenticio\u201d. En la Unidad B\u00e1sica de Rehabilitaci\u00f3n, conocida como la UBR, adem\u00e1s\u00a0<strong>de la atenci\u00f3n psicol\u00f3gica y terapia electromuscular, se cuenta la terapia multisensorial para el desarrollo y autorregulaci\u00f3n de los peque\u00f1os<\/strong>, trabajando con los sentidos por medio de diferentes est\u00edmulos.Al interior de la UBR, tambi\u00e9n<strong>\u00a0se encuentra una sala para terapia f\u00edsica, donde se atienden esguinces, fracturas, contracturas, pre y post operaciones a trav\u00e9s de Traumatolog\u00eda y Ortopedia<\/strong>; en cuanto al \u00e1rea de Neurolog\u00eda, se trata la par\u00e1lisis facial y la EVC (Enfermedad Vascular Cerebral).En<strong>\u00a0Pediatr\u00eda se da terapia a infantes con pie plano y fracturas<\/strong>; en\u00a0<strong>Geri\u00e1trico<\/strong>\u00a0se realizan<strong>\u00a0ejercicios terap\u00e9uticos y para parkinson<\/strong>; en Estimulaci\u00f3n Temprana (6-24 meses) se atiende el retraso psicomotor y tort\u00edcolis cong\u00e9nita.Este centro de Rehabilitaci\u00f3n B\u00e1sica est\u00e1 en calle P\u00edo XII y circuito Juan Pablo II, fraccionamiento San Juan I, y\u00a0<strong>mantiene sus puertas abiertas de lunes a viernes, de 8:00 a 16:00 hrs.En el Instituto Municipal para el Desarrollo y la Integraci\u00f3n de las Personas con Discapacidad, se han atendido 800 ni\u00f1os de enero a abril del 2025<\/strong>, con terapias f\u00edsicas, de rehabilitaci\u00f3n y vinculaciones a centros m\u00e9dicos de atenci\u00f3n especializada en nutriolog\u00eda, psicolog\u00eda, dentolog\u00eda, las \u00e1reas de nefrolog\u00eda, traumatolog\u00eda, neonatolog\u00eda, neurocirug\u00eda, cirug\u00edas pl\u00e1sticas y pedi\u00e1tricas, otorrinolaringolog\u00eda, oftalmolog\u00eda, gastroenterolog\u00eda, entre otros servicios. A trav\u00e9s de este instituto, que se encuentra al interior de la Unidad Administrativa de San Isidro (calle Ram\u00f3n Leyva, entre L\u00f3pez Ray\u00f3n y Galeana, col San Isidro. Junto al Skate Park), en promedio se atienden mil 300 infantes por a\u00f1o.A la par,<strong>\u00a0se desarrollan diferentes actividades en los centros comunitarios del municipio para el desarrollo y crecimiento de los infantes<\/strong>, y a trav\u00e9s de \u201cEscuela para padres\u201d se entabla una conversaci\u00f3n con adultos, invit\u00e1ndoles a proteger a sus ni\u00f1os y mantener un di\u00e1logo sano y respetuoso<\/p>\n","protected":false},"excerpt":{"rendered":"<p>27 de abril de 2025.- El Sistema para el Desarrollo Integral de la Familia (DIF) de Lerdo\u00a0brinda m\u00e1s de 15 mil servicios al a\u00f1o para los peque\u00f1os del hogar, ya que cuenta con diferentes \u00e1reas de atenci\u00f3n a la ni\u00f1ez,\u00a0desde terapias de psicolog\u00eda, atenci\u00f3n m\u00e9dica b\u00e1sica y de odontolog\u00eda, hasta podolog\u00eda, examenes de la visi\u00f3n,&#8230;<\/p>\n","protected":false},"author":1,"featured_media":4011,"comment_status":"open","ping_status":"open","sticky":false,"template":"","format":"standard","meta":{"footnotes":""},"categories":[3],"tags":[],"class_list":["post-4010","post","type-post","status-publish","format-standard","has-post-thumbnail","hentry","category-lerdo"],"_links":{"self":[{"href":"https:\/\/lagumex.mx\/index\/wp-json\/wp\/v2\/posts\/4010","targetHints":{"allow":["GET"]}}],"collection":[{"href":"https:\/\/lagumex.mx\/index\/wp-json\/wp\/v2\/posts"}],"about":[{"href":"https:\/\/lagumex.mx\/index\/wp-json\/wp\/v2\/types\/post"}],"author":[{"embeddable":true,"href":"https:\/\/lagumex.mx\/index\/wp-json\/wp\/v2\/users\/1"}],"replies":[{"embeddable":true,"href":"https:\/\/lagumex.mx\/index\/wp-json\/wp\/v2\/comments?post=4010"}],"version-history":[{"count":1,"href":"https:\/\/lagumex.mx\/index\/wp-json\/wp\/v2\/posts\/4010\/revisions"}],"predecessor-version":[{"id":4012,"href":"https:\/\/lagumex.mx\/index\/wp-json\/wp\/v2\/posts\/4010\/revisions\/4012"}],"wp:featuredmedia":[{"embeddable":true,"href":"https:\/\/lagumex.mx\/index\/wp-json\/wp\/v2\/media\/4011"}],"wp:attachment":[{"href":"https:\/\/lagumex.mx\/index\/wp-json\/wp\/v2\/media?parent=4010"}],"wp:term":[{"taxonomy":"category","embeddable":true,"href":"https:\/\/lagumex.mx\/index\/wp-json\/wp\/v2\/categories?post=4010"},{"taxonomy":"post_tag","embeddable":true,"href":"https:\/\/lagumex.mx\/index\/wp-json\/wp\/v2\/tags?post=4010"}],"curies":[{"name":"wp","href":"https:\/\/api.w.org\/{rel}","templated":true}]}}