{"id":400,"date":"2023-06-09T17:58:00","date_gmt":"2023-06-09T17:58:00","guid":{"rendered":"http:\/\/lagumex.mx\/index\/?p=400"},"modified":"2023-07-01T18:00:35","modified_gmt":"2023-07-01T18:00:35","slug":"reprograman-en-lerdo-torneo-municipal-de-ajedrez","status":"publish","type":"post","link":"https:\/\/lagumex.mx\/index\/lerdo\/reprograman-en-lerdo-torneo-municipal-de-ajedrez\/","title":{"rendered":"Reprograman en Lerdo Torneo Municipal de Ajedrez"},"content":{"rendered":"\n<h2 class=\"wp-block-heading\">El Torneo originalmente se verificar\u00eda este domingo 11<\/h2>\n\n\n\n<p>09 de junio de 2023. La primera edici\u00f3n del Torneo de Ajedrez en Ciudad Lerdo, tiene nueva fecha. Ser\u00e1 el pr\u00f3ximo domingo 18 de junio, cuando se verifique.<\/p>\n\n\n\n<p>Y es que a petici\u00f3n de los planteles educativos, la competencia fue reprogramada. As\u00ed lo dieron a conocer las dependencias municipales del Instituto del Deporte y Educaci\u00f3n.<\/p>\n\n\n\n<p>El Torneo originalmente se verificar\u00eda este domingo 11, a las 9 de la ma\u00f1ana en el Auditorio Municipal de Ciudad Jard\u00edn.<\/p>\n","protected":false},"excerpt":{"rendered":"<p>El Torneo originalmente se verificar\u00eda este domingo 11 09 de junio de 2023. La primera edici\u00f3n del Torneo de Ajedrez en Ciudad Lerdo, tiene nueva fecha. Ser\u00e1 el pr\u00f3ximo domingo 18 de junio, cuando se verifique. Y es que a petici\u00f3n de los planteles educativos, la competencia fue reprogramada. As\u00ed lo dieron a conocer las&#8230;<\/p>\n","protected":false},"author":1,"featured_media":401,"comment_status":"open","ping_status":"open","sticky":false,"template":"","format":"standard","meta":{"footnotes":""},"categories":[3],"tags":[],"class_list":["post-400","post","type-post","status-publish","format-standard","has-post-thumbnail","hentry","category-lerdo"],"_links":{"self":[{"href":"https:\/\/lagumex.mx\/index\/wp-json\/wp\/v2\/posts\/400","targetHints":{"allow":["GET"]}}],"collection":[{"href":"https:\/\/lagumex.mx\/index\/wp-json\/wp\/v2\/posts"}],"about":[{"href":"https:\/\/lagumex.mx\/index\/wp-json\/wp\/v2\/types\/post"}],"author":[{"embeddable":true,"href":"https:\/\/lagumex.mx\/index\/wp-json\/wp\/v2\/users\/1"}],"replies":[{"embeddable":true,"href":"https:\/\/lagumex.mx\/index\/wp-json\/wp\/v2\/comments?post=400"}],"version-history":[{"count":1,"href":"https:\/\/lagumex.mx\/index\/wp-json\/wp\/v2\/posts\/400\/revisions"}],"predecessor-version":[{"id":402,"href":"https:\/\/lagumex.mx\/index\/wp-json\/wp\/v2\/posts\/400\/revisions\/402"}],"wp:featuredmedia":[{"embeddable":true,"href":"https:\/\/lagumex.mx\/index\/wp-json\/wp\/v2\/media\/401"}],"wp:attachment":[{"href":"https:\/\/lagumex.mx\/index\/wp-json\/wp\/v2\/media?parent=400"}],"wp:term":[{"taxonomy":"category","embeddable":true,"href":"https:\/\/lagumex.mx\/index\/wp-json\/wp\/v2\/categories?post=400"},{"taxonomy":"post_tag","embeddable":true,"href":"https:\/\/lagumex.mx\/index\/wp-json\/wp\/v2\/tags?post=400"}],"curies":[{"name":"wp","href":"https:\/\/api.w.org\/{rel}","templated":true}]}}