{"id":3994,"date":"2025-04-29T00:59:00","date_gmt":"2025-04-29T00:59:00","guid":{"rendered":"http:\/\/lagumex.mx\/index\/?p=3994"},"modified":"2025-05-02T01:01:56","modified_gmt":"2025-05-02T01:01:56","slug":"no-habra-recoleccion-de-basura-en-lerdo","status":"publish","type":"post","link":"https:\/\/lagumex.mx\/index\/lerdo\/no-habra-recoleccion-de-basura-en-lerdo\/","title":{"rendered":"No habr\u00e1 recolecci\u00f3n de basura en Lerdo"},"content":{"rendered":"\n<p>29 de abril de 2025.- <strong>La direcci\u00f3n de Servicios P\u00fablicos inform\u00f3 que con motivo de la conmemoraci\u00f3n del D\u00eda Nacional del Trabajo, este jueves 01 de mayo el servicio de recolecci\u00f3n de basura se ver\u00e1 interrumpido en la ciudad.<\/strong> <\/p>\n\n\n\n<p>Se informa que, a partir del viernes 2 de mayo, el servicio se restablecer\u00e1 con normalidad en todas las rutas y horarios acostumbrados.Las autoridades recomiendan a los ciudadanos colaborar evitando sacar la basura el d\u00eda jueves y mantener limpios los frentes de sus viviendas.\u00danicamente se atender\u00e1 la zona Centro, por lo que se exhorta a la poblaci\u00f3n de las dem\u00e1s \u00e1reas a almacenar sus residuos en casa y esperar al siguiente d\u00eda de recolecci\u00f3n conforme a su calendario habitual.El Departamento de Recolecci\u00f3n de Basura agradece la comprensi\u00f3n de los habitantes que pudieran verse afectados por esta medida.<\/p>\n","protected":false},"excerpt":{"rendered":"<p>29 de abril de 2025.- La direcci\u00f3n de Servicios P\u00fablicos inform\u00f3 que con motivo de la conmemoraci\u00f3n del D\u00eda Nacional del Trabajo, este jueves 01 de mayo el servicio de recolecci\u00f3n de basura se ver\u00e1 interrumpido en la ciudad. Se informa que, a partir del viernes 2 de mayo, el servicio se restablecer\u00e1 con normalidad&#8230;<\/p>\n","protected":false},"author":1,"featured_media":0,"comment_status":"open","ping_status":"open","sticky":false,"template":"","format":"standard","meta":{"footnotes":""},"categories":[3],"tags":[],"class_list":["post-3994","post","type-post","status-publish","format-standard","hentry","category-lerdo"],"_links":{"self":[{"href":"https:\/\/lagumex.mx\/index\/wp-json\/wp\/v2\/posts\/3994","targetHints":{"allow":["GET"]}}],"collection":[{"href":"https:\/\/lagumex.mx\/index\/wp-json\/wp\/v2\/posts"}],"about":[{"href":"https:\/\/lagumex.mx\/index\/wp-json\/wp\/v2\/types\/post"}],"author":[{"embeddable":true,"href":"https:\/\/lagumex.mx\/index\/wp-json\/wp\/v2\/users\/1"}],"replies":[{"embeddable":true,"href":"https:\/\/lagumex.mx\/index\/wp-json\/wp\/v2\/comments?post=3994"}],"version-history":[{"count":1,"href":"https:\/\/lagumex.mx\/index\/wp-json\/wp\/v2\/posts\/3994\/revisions"}],"predecessor-version":[{"id":3995,"href":"https:\/\/lagumex.mx\/index\/wp-json\/wp\/v2\/posts\/3994\/revisions\/3995"}],"wp:attachment":[{"href":"https:\/\/lagumex.mx\/index\/wp-json\/wp\/v2\/media?parent=3994"}],"wp:term":[{"taxonomy":"category","embeddable":true,"href":"https:\/\/lagumex.mx\/index\/wp-json\/wp\/v2\/categories?post=3994"},{"taxonomy":"post_tag","embeddable":true,"href":"https:\/\/lagumex.mx\/index\/wp-json\/wp\/v2\/tags?post=3994"}],"curies":[{"name":"wp","href":"https:\/\/api.w.org\/{rel}","templated":true}]}}