{"id":3971,"date":"2025-03-30T07:45:00","date_gmt":"2025-03-30T07:45:00","guid":{"rendered":"http:\/\/lagumex.mx\/index\/?p=3971"},"modified":"2025-03-30T19:46:57","modified_gmt":"2025-03-30T19:46:57","slug":"con-esteban-y-tono-la-avenida-rio-grande-transformara-la-zona-oriente-de-durango-beneficiarios","status":"publish","type":"post","link":"https:\/\/lagumex.mx\/index\/durango\/con-esteban-y-tono-la-avenida-rio-grande-transformara-la-zona-oriente-de-durango-beneficiarios\/","title":{"rendered":"Con Esteban y To\u00f1o, la avenida R\u00edo Grande transformar\u00e1 la zona oriente de Durango: beneficiarios"},"content":{"rendered":"\n<p>30 de marzo de 2025.- Con el inicio de los trabajos en un tramo de 270 metros de pavimento, el sue\u00f1o de miles de duranguenses se hace realidad. As\u00ed lo expresaron los vecinos de la zona oriente de la ciudad durante el banderazo de arranque de obra de la avenida R\u00edo Grande, encabezado por el gobernador Esteban Villegas Villarreal y el presidente municipal To\u00f1o Ochoa. Esta vialidad beneficiar\u00e1 a 11,250 habitantes en su primera fase y tendr\u00e1 un impacto positivo en 123,000 personas, adem\u00e1s de mejorar la conectividad de la zona.<\/p>\n\n\n\n<p>Laura Torres Salazar, vecina de Villas del Manantial, destac\u00f3 la importancia de esta obra, ya que no solo favorecer\u00e1 a quienes viven en las colonias y fraccionamientos cercanos, sino a toda la ciudad. \u201cEsta avenida conectar\u00e1 la carretera M\u00e9xico con la salida al Mezquital, lo que facilitar\u00e1 el tr\u00e1nsito de turistas y ciudadanos que visitan las instalaciones de la feria. Adem\u00e1s, ayudar\u00e1 a descongestionar vialidades como Colima, Yucat\u00e1n y Nazas, que estaban saturadas. Este nuevo pavimento traer\u00e1 grandes beneficios para todos\u201d, se\u00f1al\u00f3.<\/p>\n\n\n\n<p>Por su parte, Norma Leticia Galv\u00e1n, tambi\u00e9n residente de Villas del Manantial, expres\u00f3 la alegr\u00eda de la comunidad: \u201cTodos estamos muy contentos porque ya est\u00e1bamos hartos de tanta tierra. Pens\u00e1bamos que este proyecto estaba muy lejano, pero hoy es una realidad. Antes se pon\u00eda horrible, pero ahora ser\u00e1 diferente. Estamos muy agradecidos\u201d, afirm\u00f3.<\/p>\n\n\n\n<p>Leonarda Camacho Gonz\u00e1lez, habitante de la colonia San Carlos, record\u00f3 c\u00f3mo era cruzar esta zona antes de la obra y destac\u00f3 que ahora los ni\u00f1os ya no se llenar\u00e1n de lodo y habr\u00e1 mayor seguridad, pues las calles dejar\u00e1n de estar tan oscuras por las noches.<\/p>\n\n\n\n<p>Dulce Barrera, tambi\u00e9n vecina de San Carlos, resalt\u00f3 el impacto positivo de la obra: \u201cNos dar\u00e1 acceso m\u00e1s r\u00e1pido al nuevo Hospital del Ni\u00f1o, que tanto est\u00e1bamos esperando. Adem\u00e1s, durante las fiestas de la ciudad ser\u00e1 m\u00e1s f\u00e1cil desplazarse. Qu\u00e9 bueno que est\u00e1n pensando en la ciudadan\u00eda\u201d, mencion\u00f3. Agreg\u00f3 que, como dice el gobernador, Durango tendr\u00e1 una nueva imagen a nivel mundial: \u201cLo que est\u00e1 haciendo Esteban Villegas nos beneficia a nosotros y a nuestros hijos\u201d, concluy\u00f3. Vecinos de la zona atestiguaron el inicio de este gran proyecto de urbanizaci\u00f3n, que dar\u00e1 un nuevo rostro a la zona oriente de la ciudad. La obra contempla una vialidad de cuatro carriles con pavimento hidr\u00e1ulico, ciclov\u00eda, banquetas, alumbrado p\u00fablico y arbolado. Adem\u00e1s, en mayo se iniciar\u00e1 la segunda etapa, que abarcar\u00e1 desde el fraccionamiento Pirineos hasta la calle Biodiversidad<\/p>\n","protected":false},"excerpt":{"rendered":"<p>30 de marzo de 2025.- Con el inicio de los trabajos en un tramo de 270 metros de pavimento, el sue\u00f1o de miles de duranguenses se hace realidad. As\u00ed lo expresaron los vecinos de la zona oriente de la ciudad durante el banderazo de arranque de obra de la avenida R\u00edo Grande, encabezado por el&#8230;<\/p>\n","protected":false},"author":1,"featured_media":3972,"comment_status":"open","ping_status":"open","sticky":false,"template":"","format":"standard","meta":{"footnotes":""},"categories":[1],"tags":[],"class_list":["post-3971","post","type-post","status-publish","format-standard","has-post-thumbnail","hentry","category-durango"],"_links":{"self":[{"href":"https:\/\/lagumex.mx\/index\/wp-json\/wp\/v2\/posts\/3971","targetHints":{"allow":["GET"]}}],"collection":[{"href":"https:\/\/lagumex.mx\/index\/wp-json\/wp\/v2\/posts"}],"about":[{"href":"https:\/\/lagumex.mx\/index\/wp-json\/wp\/v2\/types\/post"}],"author":[{"embeddable":true,"href":"https:\/\/lagumex.mx\/index\/wp-json\/wp\/v2\/users\/1"}],"replies":[{"embeddable":true,"href":"https:\/\/lagumex.mx\/index\/wp-json\/wp\/v2\/comments?post=3971"}],"version-history":[{"count":1,"href":"https:\/\/lagumex.mx\/index\/wp-json\/wp\/v2\/posts\/3971\/revisions"}],"predecessor-version":[{"id":3973,"href":"https:\/\/lagumex.mx\/index\/wp-json\/wp\/v2\/posts\/3971\/revisions\/3973"}],"wp:featuredmedia":[{"embeddable":true,"href":"https:\/\/lagumex.mx\/index\/wp-json\/wp\/v2\/media\/3972"}],"wp:attachment":[{"href":"https:\/\/lagumex.mx\/index\/wp-json\/wp\/v2\/media?parent=3971"}],"wp:term":[{"taxonomy":"category","embeddable":true,"href":"https:\/\/lagumex.mx\/index\/wp-json\/wp\/v2\/categories?post=3971"},{"taxonomy":"post_tag","embeddable":true,"href":"https:\/\/lagumex.mx\/index\/wp-json\/wp\/v2\/tags?post=3971"}],"curies":[{"name":"wp","href":"https:\/\/api.w.org\/{rel}","templated":true}]}}