{"id":3942,"date":"2025-03-20T02:10:37","date_gmt":"2025-03-20T02:10:37","guid":{"rendered":"http:\/\/lagumex.mx\/index\/?p=3942"},"modified":"2025-03-29T02:11:55","modified_gmt":"2025-03-29T02:11:55","slug":"anuncian-la-presidenta-claudia-sheinbaum-y-el-gobernador-esteban-villegas-inversion-historica-de-3700-mdd-para-el-desarrollo-tecnologico-y-agroindustrial-en-durango","status":"publish","type":"post","link":"https:\/\/lagumex.mx\/index\/durango\/anuncian-la-presidenta-claudia-sheinbaum-y-el-gobernador-esteban-villegas-inversion-historica-de-3700-mdd-para-el-desarrollo-tecnologico-y-agroindustrial-en-durango\/","title":{"rendered":"Anuncian la Presidenta Claudia Sheinbaum y el Gobernador Esteban Villegas inversi\u00f3n hist\u00f3rica de 3,700 mdd para el desarrollo tecnol\u00f3gico y agroindustrial en Durango"},"content":{"rendered":"\n<p>20 de marzo de 2025.- Durango se consolida como un polo de inversi\u00f3n tecnol\u00f3gica e industrial con la llegada de 3 mil 700 millones de d\u00f3lares destinados a proyectos estrat\u00e9gicos y la generaci\u00f3n de 5 mil empleos directos. La Presidenta de M\u00e9xico, Claudia Sheinbaum Pardo, y el gobernador Esteban Villegas Villarreal anunciaron esta inversi\u00f3n hist\u00f3rica durante la conferencia \u201cMa\u00f1anera del Pueblo\u201d, donde resaltaron el respaldo del Gobierno Federal para fortalecer el crecimiento de la entidad.<\/p>\n\n\n\n<p>El gobernador Esteban Villegas destac\u00f3 que, gracias a la confianza del sector empresarial y el apoyo de la Federaci\u00f3n, Durango ha logrado atraer 30 nuevas compa\u00f1\u00edas que generar\u00e1n 30 mil empleos directos;&nbsp; \u201cEsto no hab\u00eda ocurrido antes en la historia de nuestro estado, y ahora, con la inversi\u00f3n de Fermaca, consolidamos el desarrollo regional\u201d, afirm\u00f3.<\/p>\n\n\n\n<p>Por su parte, la Presidenta Claudia Sheinbaum explic\u00f3 que esta inversi\u00f3n forma parte del Plan M\u00e9xico y contempla dos proyectos clave de Grupo Fermaca: un centro de datos con generaci\u00f3n propia de electricidad y una planta de fertilizantes nitrogenados. Esta \u00faltima complementar\u00e1 las instalaciones de Pemex para incrementar la producci\u00f3n de nitratos y reforzar la autosuficiencia alimentaria del pa\u00eds.<\/p>\n\n\n\n<p>El secretario de Econom\u00eda, Marcelo Ebrard Casaub\u00f3n, detall\u00f3 que estas inversiones marcar\u00e1n un parteaguas en Durango. La primera, con un monto de mil millones de d\u00f3lares, corresponde a la planta de fertilizantes, que abastecer\u00e1 al sector agr\u00edcola nacional. La segunda, Fermaca Digital City, con una inversi\u00f3n de 2 mil 700 millones de d\u00f3lares, se convertir\u00e1 en el centro de inteligencia artificial y an\u00e1lisis de datos m\u00e1s avanzado de Latinoam\u00e9rica, impulsando la conectividad digital en el pa\u00eds.<\/p>\n\n\n\n<p>El copresidente de Grupo Fermaca, Fernando Calvillo, junto con su hermano y socio Manuel Calvillo, detall\u00f3 que Fermaca Digital City contar\u00e1 con una red de fibra \u00f3ptica de 2 mil kil\u00f3metros y un centro de datos de 250 megawatts, mientras que en Lerdo se establecer\u00e1 una planta de fertilizantes con capacidad para 600 mil toneladas anuales; \u201cEstas inversiones fortalecer\u00e1n la infraestructura digital, la producci\u00f3n agr\u00edcola y el crecimiento econ\u00f3mico del pa\u00eds\u201d, afirm\u00f3.<\/p>\n\n\n\n<p>El gobernador Esteban Villegas subray\u00f3 que esta apuesta empresarial consolida a Durango como un estado clave en la transformaci\u00f3n de M\u00e9xico; \u201cDurango siempre ha so\u00f1ado en grande, y hoy quiero agradecerle, Presidenta, por su respaldo y por permitir que la entidad renazca y recupere su lugar en este momento hist\u00f3rico\u201d, expres\u00f3.<\/p>\n\n\n\n<p>Finalmente, reiter\u00f3 su compromiso de seguir trabajando de la mano del Gobierno Federal y el sector privado para garantizar que estas inversiones se reflejen en empleo, progreso y bienestar para las familias duranguenses.<\/p>\n","protected":false},"excerpt":{"rendered":"<p>20 de marzo de 2025.- Durango se consolida como un polo de inversi\u00f3n tecnol\u00f3gica e industrial con la llegada de 3 mil 700 millones de d\u00f3lares destinados a proyectos estrat\u00e9gicos y la generaci\u00f3n de 5 mil empleos directos. La Presidenta de M\u00e9xico, Claudia Sheinbaum Pardo, y el gobernador Esteban Villegas Villarreal anunciaron esta inversi\u00f3n hist\u00f3rica&#8230;<\/p>\n","protected":false},"author":1,"featured_media":3943,"comment_status":"open","ping_status":"open","sticky":false,"template":"","format":"standard","meta":{"footnotes":""},"categories":[1],"tags":[],"class_list":["post-3942","post","type-post","status-publish","format-standard","has-post-thumbnail","hentry","category-durango"],"_links":{"self":[{"href":"https:\/\/lagumex.mx\/index\/wp-json\/wp\/v2\/posts\/3942","targetHints":{"allow":["GET"]}}],"collection":[{"href":"https:\/\/lagumex.mx\/index\/wp-json\/wp\/v2\/posts"}],"about":[{"href":"https:\/\/lagumex.mx\/index\/wp-json\/wp\/v2\/types\/post"}],"author":[{"embeddable":true,"href":"https:\/\/lagumex.mx\/index\/wp-json\/wp\/v2\/users\/1"}],"replies":[{"embeddable":true,"href":"https:\/\/lagumex.mx\/index\/wp-json\/wp\/v2\/comments?post=3942"}],"version-history":[{"count":1,"href":"https:\/\/lagumex.mx\/index\/wp-json\/wp\/v2\/posts\/3942\/revisions"}],"predecessor-version":[{"id":3944,"href":"https:\/\/lagumex.mx\/index\/wp-json\/wp\/v2\/posts\/3942\/revisions\/3944"}],"wp:featuredmedia":[{"embeddable":true,"href":"https:\/\/lagumex.mx\/index\/wp-json\/wp\/v2\/media\/3943"}],"wp:attachment":[{"href":"https:\/\/lagumex.mx\/index\/wp-json\/wp\/v2\/media?parent=3942"}],"wp:term":[{"taxonomy":"category","embeddable":true,"href":"https:\/\/lagumex.mx\/index\/wp-json\/wp\/v2\/categories?post=3942"},{"taxonomy":"post_tag","embeddable":true,"href":"https:\/\/lagumex.mx\/index\/wp-json\/wp\/v2\/tags?post=3942"}],"curies":[{"name":"wp","href":"https:\/\/api.w.org\/{rel}","templated":true}]}}