{"id":394,"date":"2023-06-07T17:49:00","date_gmt":"2023-06-07T17:49:00","guid":{"rendered":"http:\/\/lagumex.mx\/index\/?p=394"},"modified":"2023-07-01T17:54:10","modified_gmt":"2023-07-01T17:54:10","slug":"anuncia-alcalde-de-lerdo-rehabiltacion-del-parque-las-auras","status":"publish","type":"post","link":"https:\/\/lagumex.mx\/index\/lerdo\/anuncia-alcalde-de-lerdo-rehabiltacion-del-parque-las-auras\/","title":{"rendered":"Anuncia alcalde de Lerdo rehabiltaci\u00f3n del Parque Las Auras"},"content":{"rendered":"\n<h2 class=\"wp-block-heading\">En el marco del d\u00eda mundial del medio ambiente<\/h2>\n\n\n\n<p>07 de junio de 2023.En el marco del d\u00eda mundial del medio ambiente, que se conmemora el 05 de junio, el alcalde, Homero Mart\u00ednez Cabrera, present\u00f3 las acciones y mejoras que se llevar\u00e1n a cabo en el Vivero Forestal Lerdo, mejor conocido como parque Las Auras, con una inversi\u00f3n de un mill\u00f3n 500 mil pesos.<\/p>\n\n\n\n<p>Dentro de las acciones que se realizan, est\u00e1 la instalaci\u00f3n el\u00e9ctrica para realizar el riego de la subestaci\u00f3n, transformador y bombas nuevas, equipamiento del port\u00f3n, limpieza general con retiro de maleza, basura y escombro, adquisici\u00f3n de 100 bancas, contenedores de basura, adecuaci\u00f3n e instalaci\u00f3n de luminarias y bebederos, pintura de muros y herrer\u00eda. Agreg\u00f3 que de los 3 mil 239 \u00e1rboles que se encuentran al interior, se retirar\u00e1n 49 ejemplares secos, y se reforestar\u00e1n un mayor n\u00famero de especies nativas de la regi\u00f3n para brindarles un cuidado adecuado.<\/p>\n","protected":false},"excerpt":{"rendered":"<p>En el marco del d\u00eda mundial del medio ambiente 07 de junio de 2023.En el marco del d\u00eda mundial del medio ambiente, que se conmemora el 05 de junio, el alcalde, Homero Mart\u00ednez Cabrera, present\u00f3 las acciones y mejoras que se llevar\u00e1n a cabo en el Vivero Forestal Lerdo, mejor conocido como parque Las Auras,&#8230;<\/p>\n","protected":false},"author":1,"featured_media":395,"comment_status":"open","ping_status":"open","sticky":false,"template":"","format":"standard","meta":{"footnotes":""},"categories":[3],"tags":[],"class_list":["post-394","post","type-post","status-publish","format-standard","has-post-thumbnail","hentry","category-lerdo"],"_links":{"self":[{"href":"https:\/\/lagumex.mx\/index\/wp-json\/wp\/v2\/posts\/394","targetHints":{"allow":["GET"]}}],"collection":[{"href":"https:\/\/lagumex.mx\/index\/wp-json\/wp\/v2\/posts"}],"about":[{"href":"https:\/\/lagumex.mx\/index\/wp-json\/wp\/v2\/types\/post"}],"author":[{"embeddable":true,"href":"https:\/\/lagumex.mx\/index\/wp-json\/wp\/v2\/users\/1"}],"replies":[{"embeddable":true,"href":"https:\/\/lagumex.mx\/index\/wp-json\/wp\/v2\/comments?post=394"}],"version-history":[{"count":1,"href":"https:\/\/lagumex.mx\/index\/wp-json\/wp\/v2\/posts\/394\/revisions"}],"predecessor-version":[{"id":396,"href":"https:\/\/lagumex.mx\/index\/wp-json\/wp\/v2\/posts\/394\/revisions\/396"}],"wp:featuredmedia":[{"embeddable":true,"href":"https:\/\/lagumex.mx\/index\/wp-json\/wp\/v2\/media\/395"}],"wp:attachment":[{"href":"https:\/\/lagumex.mx\/index\/wp-json\/wp\/v2\/media?parent=394"}],"wp:term":[{"taxonomy":"category","embeddable":true,"href":"https:\/\/lagumex.mx\/index\/wp-json\/wp\/v2\/categories?post=394"},{"taxonomy":"post_tag","embeddable":true,"href":"https:\/\/lagumex.mx\/index\/wp-json\/wp\/v2\/tags?post=394"}],"curies":[{"name":"wp","href":"https:\/\/api.w.org\/{rel}","templated":true}]}}