{"id":392,"date":"2023-06-06T17:48:00","date_gmt":"2023-06-06T17:48:00","guid":{"rendered":"http:\/\/lagumex.mx\/index\/?p=392"},"modified":"2023-07-01T17:49:00","modified_gmt":"2023-07-01T17:49:00","slug":"lerdo-acudira-a-la-segob-ante-los-cortes-de-la-cfe","status":"publish","type":"post","link":"https:\/\/lagumex.mx\/index\/lerdo\/lerdo-acudira-a-la-segob-ante-los-cortes-de-la-cfe\/","title":{"rendered":"Lerdo acudir\u00e1 a la Segob ante los cortes de la CFE"},"content":{"rendered":"\n<h2 class=\"wp-block-heading\">Director jur\u00eddico del Ayuntamiento de Lerdo, confirm\u00f3 que hoy martes, el alcalde Homero Mart\u00ednez<\/h2>\n\n\n\n<p>06 de junio de 2023. Acudir\u00e1 a la ciudad de M\u00e9xico para participar en una reuni\u00f3n de trabajo ante autoridades de la Secretar\u00eda de Gobernaci\u00f3n, con la cual buscar\u00e1 dar soluci\u00f3n al adeudo entre Sapal-CFE-Gobierno Municipal, con deudas de entre los 200 millones de pesos, entre la paramunicipal y la paraestatal.<\/p>\n\n\n\n<p>\u00abEl d\u00eda de ma\u00f1ana, 6 de junio, se llevar\u00e1 a cabo una reuni\u00f3n en la Secretar\u00eda de Gobernaci\u00f3n, con el objetivo de buscar una soluci\u00f3n a esta situaci\u00f3n, el prop\u00f3sito principal de esta reuni\u00f3n es solicitar la mediaci\u00f3n de la Secretar\u00eda de Gobernaci\u00f3n, como \u00f3rgano garante, para lograr un acuerdo justo y equitativo con los directivos de la Comisi\u00f3n Federal de Electricidad (CFE)\u00bb, dijo.<\/p>\n\n\n\n<p>El protocolo de corte de la CFE ha afectado tanto el \u00e1rea administrativa, como a los pozos de agua en dos ocasiones, dejando sin el servicio del suministro de vital l\u00edquido a m\u00e1s de 163 mil ciudadanos que tiene Lerdo, entre domicilios, empresas, cl\u00ednicas de salud, hospitales, escuelas y universidades, una situaci\u00f3n que buscar\u00e1n no se vuelva a repetir.<\/p>\n","protected":false},"excerpt":{"rendered":"<p>Director jur\u00eddico del Ayuntamiento de Lerdo, confirm\u00f3 que hoy martes, el alcalde Homero Mart\u00ednez 06 de junio de 2023. Acudir\u00e1 a la ciudad de M\u00e9xico para participar en una reuni\u00f3n de trabajo ante autoridades de la Secretar\u00eda de Gobernaci\u00f3n, con la cual buscar\u00e1 dar soluci\u00f3n al adeudo entre Sapal-CFE-Gobierno Municipal, con deudas de entre los&#8230;<\/p>\n","protected":false},"author":1,"featured_media":0,"comment_status":"open","ping_status":"open","sticky":false,"template":"","format":"standard","meta":{"footnotes":""},"categories":[3],"tags":[],"class_list":["post-392","post","type-post","status-publish","format-standard","hentry","category-lerdo"],"_links":{"self":[{"href":"https:\/\/lagumex.mx\/index\/wp-json\/wp\/v2\/posts\/392","targetHints":{"allow":["GET"]}}],"collection":[{"href":"https:\/\/lagumex.mx\/index\/wp-json\/wp\/v2\/posts"}],"about":[{"href":"https:\/\/lagumex.mx\/index\/wp-json\/wp\/v2\/types\/post"}],"author":[{"embeddable":true,"href":"https:\/\/lagumex.mx\/index\/wp-json\/wp\/v2\/users\/1"}],"replies":[{"embeddable":true,"href":"https:\/\/lagumex.mx\/index\/wp-json\/wp\/v2\/comments?post=392"}],"version-history":[{"count":1,"href":"https:\/\/lagumex.mx\/index\/wp-json\/wp\/v2\/posts\/392\/revisions"}],"predecessor-version":[{"id":393,"href":"https:\/\/lagumex.mx\/index\/wp-json\/wp\/v2\/posts\/392\/revisions\/393"}],"wp:attachment":[{"href":"https:\/\/lagumex.mx\/index\/wp-json\/wp\/v2\/media?parent=392"}],"wp:term":[{"taxonomy":"category","embeddable":true,"href":"https:\/\/lagumex.mx\/index\/wp-json\/wp\/v2\/categories?post=392"},{"taxonomy":"post_tag","embeddable":true,"href":"https:\/\/lagumex.mx\/index\/wp-json\/wp\/v2\/tags?post=392"}],"curies":[{"name":"wp","href":"https:\/\/api.w.org\/{rel}","templated":true}]}}