{"id":3915,"date":"2025-03-11T01:56:09","date_gmt":"2025-03-11T01:56:09","guid":{"rendered":"http:\/\/lagumex.mx\/index\/?p=3915"},"modified":"2025-03-29T01:57:16","modified_gmt":"2025-03-29T01:57:16","slug":"gomez-palacio-renueva-sus-calles-con-obras-de-calidad-gracias-al-trabajo-conjunto-de-esteban-villegas-y-lety-herrera","status":"publish","type":"post","link":"https:\/\/lagumex.mx\/index\/durango\/gomez-palacio-renueva-sus-calles-con-obras-de-calidad-gracias-al-trabajo-conjunto-de-esteban-villegas-y-lety-herrera\/","title":{"rendered":"G\u00f3mez Palacio renueva sus calles con obras de calidad gracias al trabajo conjunto de Esteban Villegas y Lety Herrera"},"content":{"rendered":"\n<p>11 de marzo de 2025, <strong>G\u00f3mez Palacio, Durango.-<\/strong> Las principales vialidades de G\u00f3mez Palacio se transforman con materiales de alta calidad, fortaleciendo la infraestructura urbana con nuevas pavimentaciones y mejoras en los servicios b\u00e1sicos. El gobernador Esteban Villegas Villarreal, en coordinaci\u00f3n con la alcaldesa Lety Herrera Ale, puso en marcha las obras de reconstrucci\u00f3n y modernizaci\u00f3n en la calle Prolongaci\u00f3n Independencia, H\u00e9roes de Nacozari y la avenida Emiliano Zapata, adem\u00e1s de supervisar los avances en el bulevar Rebollo Acosta.\u00a0<\/p>\n\n\n\n<p>\u201cEste esfuerzo es un trabajo en equipo que no se detiene. Seguimos adelante con m\u00e1s pavimento y acciones para mejorar el suministro de agua potable\u201d, afirm\u00f3 Villegas Villarreal, destacando que estas obras brindar\u00e1n mayor seguridad y mejor movilidad a los habitantes.&nbsp;<\/p>\n\n\n\n<p>El gobernador explic\u00f3 que los recursos provienen del programa de Regularizaci\u00f3n de Veh\u00edculos Usados de Procedencia Extranjera, permitiendo avanzar en la pavimentaci\u00f3n de calles en G\u00f3mez Palacio; \u201cSe priorizaron las avenidas donde circula el transporte p\u00fablico para beneficiar a m\u00e1s ciudadanos\u201d, detall\u00f3. Adem\u00e1s, reconoci\u00f3 la labor de la alcaldesa para gestionar m\u00e1s inversi\u00f3n en infraestructura; \u201cA pesar de c\u00f3mo le dejaron el municipio, con calles hechas pedazos, Lety se puso a trabajar desde el primer d\u00eda. Vamos a jalar con todo para que G\u00f3mez Palacio renazca con mejores condiciones de vida\u201d, asegur\u00f3.&nbsp;<\/p>\n\n\n\n<p>Asimismo, Villegas Villarreal anunci\u00f3 que pr\u00f3ximamente iniciar\u00e1 en el municipio la segunda etapa de la Tarjeta Madre, as\u00ed como la pensi\u00f3n para personas con discapacidad de entre 29 y 64 a\u00f1os, por lo que pidi\u00f3 a los beneficiarios preparar sus documentos para tramitar su credencial en el CREE de La Laguna.&nbsp;<\/p>\n\n\n\n<p>Por su parte, la alcaldesa Lety Herrera reiter\u00f3 el compromiso de su administraci\u00f3n con la mejora de las vialidades, incluyendo bacheo y recuperaci\u00f3n de la cinta asf\u00e1ltica; \u201cCon el apoyo del gobernador, vamos a seguir pavimentando arterias clave como el Bulevar El Refugio (segunda etapa), el Bulevar S\u00e1nchez Madariaga y el Bulevar Divisi\u00f3n del Norte, que son fundamentales para la movilidad de nuestra gente\u201d, afirm\u00f3.&nbsp;<\/p>\n\n\n\n<p>El director de Obras P\u00fablicas y Desarrollo Urbano, Juan Salazar Reyes, resalt\u00f3 la importancia de la rehabilitaci\u00f3n de la calle Prolongaci\u00f3n Independencia, ya que permitir\u00e1 cerrar un circuito vial estrat\u00e9gico para mejorar la movilidad; \u201cEn lo que va de la administraci\u00f3n, se han rehabilitado cerca de un mill\u00f3n de metros cuadrados de pavimento. Agradecemos al gobernador y a Lety Herrera por su compromiso con G\u00f3mez Palacio\u201d, expres\u00f3.&nbsp;<\/p>\n\n\n\n<p>Desde el \u00e1mbito ciudadano, Javier Ram\u00edrez Garc\u00eda, presidente del comit\u00e9 vecinal de Santa Rosa, reconoci\u00f3 el impacto positivo de estas acciones; \u201cGracias al liderazgo y compromiso del gobernador, muchas familias ser\u00e1n beneficiadas con estas obras que mejoran la calidad de vida en nuestras colonias\u201d, mencion\u00f3.&nbsp;<\/p>\n\n\n\n<p>Durante la supervisi\u00f3n del bulevar Rebollo Acosta, tambi\u00e9n estuvieron presentes la secretaria de Comunicaciones y Obras P\u00fablicas del Estado, Ana Rosa Hern\u00e1ndez, y el titular de la Secretar\u00eda de Seguridad P\u00fablica, \u00d3scar Galv\u00e1n Villarreal, quienes acompa\u00f1aron a las autoridades y beneficiarios en este recorrido por las nuevas obras que transforman G\u00f3mez Palacio.<\/p>\n","protected":false},"excerpt":{"rendered":"<p>11 de marzo de 2025, G\u00f3mez Palacio, Durango.- Las principales vialidades de G\u00f3mez Palacio se transforman con materiales de alta calidad, fortaleciendo la infraestructura urbana con nuevas pavimentaciones y mejoras en los servicios b\u00e1sicos. El gobernador Esteban Villegas Villarreal, en coordinaci\u00f3n con la alcaldesa Lety Herrera Ale, puso en marcha las obras de reconstrucci\u00f3n y&#8230;<\/p>\n","protected":false},"author":1,"featured_media":3916,"comment_status":"open","ping_status":"open","sticky":false,"template":"","format":"standard","meta":{"footnotes":""},"categories":[1,12],"tags":[],"class_list":["post-3915","post","type-post","status-publish","format-standard","has-post-thumbnail","hentry","category-durango","category-gomez-palacio"],"_links":{"self":[{"href":"https:\/\/lagumex.mx\/index\/wp-json\/wp\/v2\/posts\/3915","targetHints":{"allow":["GET"]}}],"collection":[{"href":"https:\/\/lagumex.mx\/index\/wp-json\/wp\/v2\/posts"}],"about":[{"href":"https:\/\/lagumex.mx\/index\/wp-json\/wp\/v2\/types\/post"}],"author":[{"embeddable":true,"href":"https:\/\/lagumex.mx\/index\/wp-json\/wp\/v2\/users\/1"}],"replies":[{"embeddable":true,"href":"https:\/\/lagumex.mx\/index\/wp-json\/wp\/v2\/comments?post=3915"}],"version-history":[{"count":1,"href":"https:\/\/lagumex.mx\/index\/wp-json\/wp\/v2\/posts\/3915\/revisions"}],"predecessor-version":[{"id":3917,"href":"https:\/\/lagumex.mx\/index\/wp-json\/wp\/v2\/posts\/3915\/revisions\/3917"}],"wp:featuredmedia":[{"embeddable":true,"href":"https:\/\/lagumex.mx\/index\/wp-json\/wp\/v2\/media\/3916"}],"wp:attachment":[{"href":"https:\/\/lagumex.mx\/index\/wp-json\/wp\/v2\/media?parent=3915"}],"wp:term":[{"taxonomy":"category","embeddable":true,"href":"https:\/\/lagumex.mx\/index\/wp-json\/wp\/v2\/categories?post=3915"},{"taxonomy":"post_tag","embeddable":true,"href":"https:\/\/lagumex.mx\/index\/wp-json\/wp\/v2\/tags?post=3915"}],"curies":[{"name":"wp","href":"https:\/\/api.w.org\/{rel}","templated":true}]}}