{"id":3894,"date":"2025-03-01T23:16:22","date_gmt":"2025-03-01T23:16:22","guid":{"rendered":"http:\/\/lagumex.mx\/index\/?p=3894"},"modified":"2025-03-28T23:18:17","modified_gmt":"2025-03-28T23:18:17","slug":"padres-de-familia-del-cobaed-plantel-35-de-gomez-palacio-agradecen-a-esteban-por-la-app-cura-que-facilita-el-seguimiento-escolar-de-sus-hijos","status":"publish","type":"post","link":"https:\/\/lagumex.mx\/index\/durango\/padres-de-familia-del-cobaed-plantel-35-de-gomez-palacio-agradecen-a-esteban-por-la-app-cura-que-facilita-el-seguimiento-escolar-de-sus-hijos\/","title":{"rendered":"Padres de familia del COBAED Plantel 35 de G\u00f3mez Palacio agradecen a Esteban por la app CURA, que facilita el seguimiento escolar de sus hijos"},"content":{"rendered":"\n<p>01 de marzo de 2025, G\u00f3mez Palacio, Durango.- Padres de familia de la Regi\u00f3n Lagunera expresaron su agradecimiento al gobernador Esteban Villegas Villarreal por la implementaci\u00f3n de la aplicaci\u00f3n CURA, una herramienta que facilita el seguimiento acad\u00e9mico y la comunicaci\u00f3n entre maestros y padres. Esta plataforma permite conocer en tiempo real el desempe\u00f1o, la asistencia y las \u00e1reas de oportunidad de los estudiantes, mejorando as\u00ed su formaci\u00f3n acad\u00e9mica y brindando mayor tranquilidad a las familias.<\/p>\n\n\n\n<p>Eduardo Casta\u00f1eda, padre de familia del Colegio de Bachilleres Plantel 35, destac\u00f3 el impacto positivo de esta herramienta: \u201cCon esta aplicaci\u00f3n estaremos al pendiente de las calificaciones de nuestros muchachos y sabremos si asisten a la escuela. Gracias al gobernador por este programa\u201d.<\/p>\n\n\n\n<p>Las madres de familia Lilia Gonz\u00e1lez y Ver\u00f3nica L\u00f3pez coincidieron en que contar con informaci\u00f3n en tiempo real representa una gran ventaja. \u201cNos da tranquilidad saber que nuestros hijos est\u00e1n bien y que realmente est\u00e1n aprendiendo, ya que la aplicaci\u00f3n nos notifica sobre tareas, asistencias, trabajos y calificaciones\u201d, se\u00f1alaron.<\/p>\n\n\n\n<p>Sonia D\u00edaz, madre de familia del COBAED y habitante de la colonia El Campanario, tambi\u00e9n expres\u00f3 su gratitud: \u201cFelicito al gobernador porque con esta plataforma los padres podremos estar m\u00e1s informados sobre el desempe\u00f1o de nuestros hijos. Muchas veces, por trabajo o diversas situaciones, no podemos acudir constantemente a la escuela, pero ahora, con el celular, sabremos si asistieron y c\u00f3mo van en sus materias\u201d.<\/p>\n\n\n\n<p>En el mismo sentido, Erika Dom\u00ednguez Luna, madre de un estudiante de 15 a\u00f1os, destac\u00f3 la utilidad de la aplicaci\u00f3n: \u201cEs una buena herramienta para conocer la situaci\u00f3n acad\u00e9mica de nuestros hijos sin necesidad de estar constantemente en la escuela. A trav\u00e9s del celular, podemos dar seguimiento a su asistencia y desempe\u00f1o en las materias\u201d.<\/p>\n\n\n\n<p>Por \u00faltimo, Berenice Barraza, madre de familia de la colonia Rinconada Bugambilias, subray\u00f3 la tranquilidad que brinda esta plataforma: \u201cAhora no necesito ir a la escuela a preguntar c\u00f3mo van mis hijos, la aplicaci\u00f3n me informa y me permite estar al tanto de su educaci\u00f3n\u201d.<\/p>\n\n\n\n<p>Con esta y otras iniciativas, el Gobierno del Estado reafirma su compromiso con la educaci\u00f3n en Durango, ofreciendo herramientas innovadoras que fortalecen la comunicaci\u00f3n entre familias y escuelas, y contribuyen a la formaci\u00f3n integral de los estudiantes.<\/p>\n","protected":false},"excerpt":{"rendered":"<p>01 de marzo de 2025, G\u00f3mez Palacio, Durango.- Padres de familia de la Regi\u00f3n Lagunera expresaron su agradecimiento al gobernador Esteban Villegas Villarreal por la implementaci\u00f3n de la aplicaci\u00f3n CURA, una herramienta que facilita el seguimiento acad\u00e9mico y la comunicaci\u00f3n entre maestros y padres. Esta plataforma permite conocer en tiempo real el desempe\u00f1o, la asistencia&#8230;<\/p>\n","protected":false},"author":1,"featured_media":3895,"comment_status":"open","ping_status":"open","sticky":false,"template":"","format":"standard","meta":{"footnotes":""},"categories":[1,12],"tags":[],"class_list":["post-3894","post","type-post","status-publish","format-standard","has-post-thumbnail","hentry","category-durango","category-gomez-palacio"],"_links":{"self":[{"href":"https:\/\/lagumex.mx\/index\/wp-json\/wp\/v2\/posts\/3894","targetHints":{"allow":["GET"]}}],"collection":[{"href":"https:\/\/lagumex.mx\/index\/wp-json\/wp\/v2\/posts"}],"about":[{"href":"https:\/\/lagumex.mx\/index\/wp-json\/wp\/v2\/types\/post"}],"author":[{"embeddable":true,"href":"https:\/\/lagumex.mx\/index\/wp-json\/wp\/v2\/users\/1"}],"replies":[{"embeddable":true,"href":"https:\/\/lagumex.mx\/index\/wp-json\/wp\/v2\/comments?post=3894"}],"version-history":[{"count":1,"href":"https:\/\/lagumex.mx\/index\/wp-json\/wp\/v2\/posts\/3894\/revisions"}],"predecessor-version":[{"id":3896,"href":"https:\/\/lagumex.mx\/index\/wp-json\/wp\/v2\/posts\/3894\/revisions\/3896"}],"wp:featuredmedia":[{"embeddable":true,"href":"https:\/\/lagumex.mx\/index\/wp-json\/wp\/v2\/media\/3895"}],"wp:attachment":[{"href":"https:\/\/lagumex.mx\/index\/wp-json\/wp\/v2\/media?parent=3894"}],"wp:term":[{"taxonomy":"category","embeddable":true,"href":"https:\/\/lagumex.mx\/index\/wp-json\/wp\/v2\/categories?post=3894"},{"taxonomy":"post_tag","embeddable":true,"href":"https:\/\/lagumex.mx\/index\/wp-json\/wp\/v2\/tags?post=3894"}],"curies":[{"name":"wp","href":"https:\/\/api.w.org\/{rel}","templated":true}]}}