{"id":389,"date":"2023-06-05T17:45:00","date_gmt":"2023-06-05T17:45:00","guid":{"rendered":"http:\/\/lagumex.mx\/index\/?p=389"},"modified":"2023-07-01T17:46:25","modified_gmt":"2023-07-01T17:46:25","slug":"alcalde-de-lerdo-tendra-reunion-en-la-secretaria-de-gobernacion-por-cortes-de-cfe","status":"publish","type":"post","link":"https:\/\/lagumex.mx\/index\/lerdo\/alcalde-de-lerdo-tendra-reunion-en-la-secretaria-de-gobernacion-por-cortes-de-cfe\/","title":{"rendered":"Alcalde de Lerdo tendr\u00e1 reuni\u00f3n en la Secretar\u00eda de Gobernaci\u00f3n por cortes de CFE"},"content":{"rendered":"\n<h2 class=\"wp-block-heading\">Se buscar\u00e1 resolver el adeudo entre Sapal, CFE y Gobierno municipal<\/h2>\n\n\n\n<p>05 de junio de 2023. Aldo Rubio Mart\u00ednez, director jur\u00eddico del Ayuntamiento de Lerdo, confirm\u00f3 que este pr\u00f3ximo martes, el alcalde Homero Mart\u00ednez acudir\u00e1 a Ciudad de M\u00e9xico para participar en una reuni\u00f3n de trabajo ante autoridades de la Secretar\u00eda de Gobernaci\u00f3n (Segob), con la cual buscar\u00e1 dar soluci\u00f3n al adeudo entre Sapal-CFE-Gobierno\u00a0 Municipal, con deudas de entre los 200 millones de pesos, entre la paramunicipal y la paraestatal.<\/p>\n\n\n\n<p>\u201cEl d\u00eda de ma\u00f1ana 6 de junio, se llevar\u00e1 a cabo una reuni\u00f3n en la Secretar\u00eda de Gobernaci\u00f3n con el objetivo de buscar una soluci\u00f3n a esta situaci\u00f3n, el prop\u00f3sito principal de esta reuni\u00f3n es solicitar la mediaci\u00f3n de la Secretar\u00eda de Gobernaci\u00f3n, como \u00f3rgano garante, para lograr un acuerdo justo y equitativo con los directivos de la Comisi\u00f3n Federal de Electricidad (CFE)\u201d, dijo.<\/p>\n","protected":false},"excerpt":{"rendered":"<p>Se buscar\u00e1 resolver el adeudo entre Sapal, CFE y Gobierno municipal 05 de junio de 2023. Aldo Rubio Mart\u00ednez, director jur\u00eddico del Ayuntamiento de Lerdo, confirm\u00f3 que este pr\u00f3ximo martes, el alcalde Homero Mart\u00ednez acudir\u00e1 a Ciudad de M\u00e9xico para participar en una reuni\u00f3n de trabajo ante autoridades de la Secretar\u00eda de Gobernaci\u00f3n (Segob), con&#8230;<\/p>\n","protected":false},"author":1,"featured_media":390,"comment_status":"open","ping_status":"open","sticky":false,"template":"","format":"standard","meta":{"footnotes":""},"categories":[3],"tags":[],"class_list":["post-389","post","type-post","status-publish","format-standard","has-post-thumbnail","hentry","category-lerdo"],"_links":{"self":[{"href":"https:\/\/lagumex.mx\/index\/wp-json\/wp\/v2\/posts\/389","targetHints":{"allow":["GET"]}}],"collection":[{"href":"https:\/\/lagumex.mx\/index\/wp-json\/wp\/v2\/posts"}],"about":[{"href":"https:\/\/lagumex.mx\/index\/wp-json\/wp\/v2\/types\/post"}],"author":[{"embeddable":true,"href":"https:\/\/lagumex.mx\/index\/wp-json\/wp\/v2\/users\/1"}],"replies":[{"embeddable":true,"href":"https:\/\/lagumex.mx\/index\/wp-json\/wp\/v2\/comments?post=389"}],"version-history":[{"count":1,"href":"https:\/\/lagumex.mx\/index\/wp-json\/wp\/v2\/posts\/389\/revisions"}],"predecessor-version":[{"id":391,"href":"https:\/\/lagumex.mx\/index\/wp-json\/wp\/v2\/posts\/389\/revisions\/391"}],"wp:featuredmedia":[{"embeddable":true,"href":"https:\/\/lagumex.mx\/index\/wp-json\/wp\/v2\/media\/390"}],"wp:attachment":[{"href":"https:\/\/lagumex.mx\/index\/wp-json\/wp\/v2\/media?parent=389"}],"wp:term":[{"taxonomy":"category","embeddable":true,"href":"https:\/\/lagumex.mx\/index\/wp-json\/wp\/v2\/categories?post=389"},{"taxonomy":"post_tag","embeddable":true,"href":"https:\/\/lagumex.mx\/index\/wp-json\/wp\/v2\/tags?post=389"}],"curies":[{"name":"wp","href":"https:\/\/api.w.org\/{rel}","templated":true}]}}