{"id":3885,"date":"2025-02-26T23:09:00","date_gmt":"2025-02-26T23:09:00","guid":{"rendered":"http:\/\/lagumex.mx\/index\/?p=3885"},"modified":"2025-03-28T23:12:33","modified_gmt":"2025-03-28T23:12:33","slug":"anunciara-presidenta-sheinbaum-junto-al-gobernador-esteban-nuevas-y-grandes-inversiones-para-durango-en-la-mananera","status":"publish","type":"post","link":"https:\/\/lagumex.mx\/index\/durango\/anunciara-presidenta-sheinbaum-junto-al-gobernador-esteban-nuevas-y-grandes-inversiones-para-durango-en-la-mananera\/","title":{"rendered":"Anunciar\u00e1 Presidenta Sheinbaum junto al Gobernador Esteban, nuevas y grandes inversiones para Durango en \u201cLa Ma\u00f1anera\u201d"},"content":{"rendered":"\n<p>26 de febrero de 2025.- Durante \u201cLa Ma\u00f1anera del Pueblo\u201d, la Presidenta o, Claudia Sheinbaum Pardo, dej\u00f3 en claro que el norte del pa\u00eds como Nuevo Le\u00f3n, Durango y Coahuila, mantienen firmes los proyectos de inversi\u00f3n de empresas que buscan instalarse en M\u00e9xico, y anunci\u00f3 que en breve el Gobernador Esteban Villegas Villarreal la acompa\u00f1ar\u00e1 en Palacio Nacional para dar a conocer las nuevas y grandes empresas que llegar\u00e1n a su entidad.<\/p>\n\n\n\n<p>Ante medios de comunicaci\u00f3n, la Mandataria Nacional asegur\u00f3 que la econom\u00eda de M\u00e9xico es muy s\u00f3lida, y aunque se busca que no existan aranceles&nbsp; y contin\u00fae el Tratado de Libre Comercio, las inversiones en el pa\u00eds se mantienen, dijo.<\/p>\n\n\n\n<p>Durante sus recientes recorridos por los estados antes mencionados, ha dialogado con los gobernadores con quienes han confirmado lo anterior. Se refiri\u00f3 en el caso de Durango, entidad que visit\u00f3 el pasado fin de semana y donde su Gobernador Esteban Villegas le inform\u00f3 de grandes y nuevas empresas que llegar\u00e1n a su entidad.<\/p>\n\n\n\n<p>Por esta raz\u00f3n, revel\u00f3 que el mandatario duranguense la acompa\u00f1ar\u00e1 en breve en una conferencia de prensa denominada \u201cLa Ma\u00f1anera del Pueblo\u201d, para dar a conocer estas grandes noticias que se registran desde Durango para la econom\u00eda del pa\u00eds.<\/p>\n","protected":false},"excerpt":{"rendered":"<p>26 de febrero de 2025.- Durante \u201cLa Ma\u00f1anera del Pueblo\u201d, la Presidenta o, Claudia Sheinbaum Pardo, dej\u00f3 en claro que el norte del pa\u00eds como Nuevo Le\u00f3n, Durango y Coahuila, mantienen firmes los proyectos de inversi\u00f3n de empresas que buscan instalarse en M\u00e9xico, y anunci\u00f3 que en breve el Gobernador Esteban Villegas Villarreal la acompa\u00f1ar\u00e1&#8230;<\/p>\n","protected":false},"author":1,"featured_media":3887,"comment_status":"open","ping_status":"open","sticky":false,"template":"","format":"standard","meta":{"footnotes":""},"categories":[1],"tags":[],"class_list":["post-3885","post","type-post","status-publish","format-standard","has-post-thumbnail","hentry","category-durango"],"_links":{"self":[{"href":"https:\/\/lagumex.mx\/index\/wp-json\/wp\/v2\/posts\/3885","targetHints":{"allow":["GET"]}}],"collection":[{"href":"https:\/\/lagumex.mx\/index\/wp-json\/wp\/v2\/posts"}],"about":[{"href":"https:\/\/lagumex.mx\/index\/wp-json\/wp\/v2\/types\/post"}],"author":[{"embeddable":true,"href":"https:\/\/lagumex.mx\/index\/wp-json\/wp\/v2\/users\/1"}],"replies":[{"embeddable":true,"href":"https:\/\/lagumex.mx\/index\/wp-json\/wp\/v2\/comments?post=3885"}],"version-history":[{"count":1,"href":"https:\/\/lagumex.mx\/index\/wp-json\/wp\/v2\/posts\/3885\/revisions"}],"predecessor-version":[{"id":3886,"href":"https:\/\/lagumex.mx\/index\/wp-json\/wp\/v2\/posts\/3885\/revisions\/3886"}],"wp:featuredmedia":[{"embeddable":true,"href":"https:\/\/lagumex.mx\/index\/wp-json\/wp\/v2\/media\/3887"}],"wp:attachment":[{"href":"https:\/\/lagumex.mx\/index\/wp-json\/wp\/v2\/media?parent=3885"}],"wp:term":[{"taxonomy":"category","embeddable":true,"href":"https:\/\/lagumex.mx\/index\/wp-json\/wp\/v2\/categories?post=3885"},{"taxonomy":"post_tag","embeddable":true,"href":"https:\/\/lagumex.mx\/index\/wp-json\/wp\/v2\/tags?post=3885"}],"curies":[{"name":"wp","href":"https:\/\/api.w.org\/{rel}","templated":true}]}}