{"id":3879,"date":"2025-02-23T23:06:00","date_gmt":"2025-02-23T23:06:00","guid":{"rendered":"http:\/\/lagumex.mx\/index\/?p=3879"},"modified":"2025-03-28T23:07:42","modified_gmt":"2025-03-28T23:07:42","slug":"con-presidenta-sheinbaum-y-buena-relacion-con-esteban-llegan-becas-rita-cetina-a-durango","status":"publish","type":"post","link":"https:\/\/lagumex.mx\/index\/durango\/con-presidenta-sheinbaum-y-buena-relacion-con-esteban-llegan-becas-rita-cetina-a-durango\/","title":{"rendered":"Con Presidenta Sheinbaum y buena relaci\u00f3n con Esteban, llegan becas \u00abRita Cetina\u00bb a Durango"},"content":{"rendered":"\n<p>23 de febrero de 2025.-P\u00e1nuco de Coronado, Dgo.- La Presidenta de M\u00e9xico, Claudia Sheinbaum Pardo, y el gobernador de Durango, Esteban Villegas Villarreal, entregaron las primeras tarjetas de la Beca Universal \u00abRita Cetina\u00bb en P\u00e1nuco de Coronado, que benefician a estudiantes de secundaria de escuelas p\u00fablicas. Sheinbaum destac\u00f3 que este apoyo forma parte de una estrategia integral que incluye uniformes y \u00fatiles gratuitos, mejoras en infraestructura educativa y la creaci\u00f3n de nuevas escuelas, con el objetivo de fortalecer el derecho a la educaci\u00f3n y apoyar la econom\u00eda de las familias.<\/p>\n\n\n\n<p>Previo al evento, la Mandataria y el Gobernador fueron recibidos con una valla humana y muestras de afecto por parte de los habitantes. En la ceremonia participaron tambi\u00e9n el secretario de Educaci\u00f3n P\u00fablica, Mario Delgado Carrillo; el coordinador de Becas para el Bienestar \u00abBenito Ju\u00e1rez Garc\u00eda\u00bb, Julio C\u00e9sar Le\u00f3n Trujillo; y el alcalde Rogelio Flores, donde se anunci\u00f3 que la entrega de becas continuar\u00e1 bimestralmente en beneficio de miles de estudiantes en Durango y el resto del pa\u00eds.<\/p>\n","protected":false},"excerpt":{"rendered":"<p>23 de febrero de 2025.-P\u00e1nuco de Coronado, Dgo.- La Presidenta de M\u00e9xico, Claudia Sheinbaum Pardo, y el gobernador de Durango, Esteban Villegas Villarreal, entregaron las primeras tarjetas de la Beca Universal \u00abRita Cetina\u00bb en P\u00e1nuco de Coronado, que benefician a estudiantes de secundaria de escuelas p\u00fablicas. Sheinbaum destac\u00f3 que este apoyo forma parte de una&#8230;<\/p>\n","protected":false},"author":1,"featured_media":3880,"comment_status":"open","ping_status":"open","sticky":false,"template":"","format":"standard","meta":{"footnotes":""},"categories":[1],"tags":[],"class_list":["post-3879","post","type-post","status-publish","format-standard","has-post-thumbnail","hentry","category-durango"],"_links":{"self":[{"href":"https:\/\/lagumex.mx\/index\/wp-json\/wp\/v2\/posts\/3879","targetHints":{"allow":["GET"]}}],"collection":[{"href":"https:\/\/lagumex.mx\/index\/wp-json\/wp\/v2\/posts"}],"about":[{"href":"https:\/\/lagumex.mx\/index\/wp-json\/wp\/v2\/types\/post"}],"author":[{"embeddable":true,"href":"https:\/\/lagumex.mx\/index\/wp-json\/wp\/v2\/users\/1"}],"replies":[{"embeddable":true,"href":"https:\/\/lagumex.mx\/index\/wp-json\/wp\/v2\/comments?post=3879"}],"version-history":[{"count":1,"href":"https:\/\/lagumex.mx\/index\/wp-json\/wp\/v2\/posts\/3879\/revisions"}],"predecessor-version":[{"id":3881,"href":"https:\/\/lagumex.mx\/index\/wp-json\/wp\/v2\/posts\/3879\/revisions\/3881"}],"wp:featuredmedia":[{"embeddable":true,"href":"https:\/\/lagumex.mx\/index\/wp-json\/wp\/v2\/media\/3880"}],"wp:attachment":[{"href":"https:\/\/lagumex.mx\/index\/wp-json\/wp\/v2\/media?parent=3879"}],"wp:term":[{"taxonomy":"category","embeddable":true,"href":"https:\/\/lagumex.mx\/index\/wp-json\/wp\/v2\/categories?post=3879"},{"taxonomy":"post_tag","embeddable":true,"href":"https:\/\/lagumex.mx\/index\/wp-json\/wp\/v2\/tags?post=3879"}],"curies":[{"name":"wp","href":"https:\/\/api.w.org\/{rel}","templated":true}]}}