{"id":3852,"date":"2025-02-14T22:53:00","date_gmt":"2025-02-14T22:53:00","guid":{"rendered":"http:\/\/lagumex.mx\/index\/?p=3852"},"modified":"2025-03-28T22:54:42","modified_gmt":"2025-03-28T22:54:42","slug":"durango-refuerza-la-reinsercion-social-con-respaldo-del-gobernador-esteban-y-programa-reconecta-con-la-paz","status":"publish","type":"post","link":"https:\/\/lagumex.mx\/index\/durango\/durango-refuerza-la-reinsercion-social-con-respaldo-del-gobernador-esteban-y-programa-reconecta-con-la-paz\/","title":{"rendered":"Durango refuerza la reinserci\u00f3n social con respaldo del gobernador Esteban y programa \u201cReconecta con la Paz\u201d"},"content":{"rendered":"\n<p>14 de febrero de 2025.-El programa \u201cReconecta con La Paz\u201d se consolida en Durango como una estrategia fundamental para la reinserci\u00f3n social de j\u00f3venes en situaci\u00f3n de riesgo, por ello,\u00a0 autoridades estatales y del \u00e1mbito judicial, coincidieron en que esta iniciativa, promovida por el Gobierno Federal e impulsada por el gobernador Esteban Villegas Villarreal, representa una oportunidad real para quienes han cometido delitos por primera vez, permiti\u00e9ndoles reencaminar su vida a trav\u00e9s de la educaci\u00f3n, el empleo, la cultura y el deporte.<\/p>\n\n\n\n<p>La Fiscal del Estado, Sonia Yadira de la Garza, subray\u00f3 la importancia de esta estrategia para prevenir la reincidencia delictiva.; \u201ces una forma de rescatar a nuestra juventud y lograr casos exitosos de personas que no vuelvan a delinquir\u201d.<\/p>\n\n\n\n<p>Detall\u00f3 que el programa ofrece acceso a empleo, rehabilitaci\u00f3n y oportunidades acad\u00e9micas gracias a la colaboraci\u00f3n entre diversas instituciones; \u201ces una instrucci\u00f3n del gobernador que todos participemos, que unamos esfuerzos con la Federaci\u00f3n y fortalezcamos estrategias con un objetivo com\u00fan\u201d, agreg\u00f3.<\/p>\n\n\n\n<p>Desde el \u00e1mbito judicial, Carlos Guzm\u00e1n, coordinador de jueces, resalt\u00f3 la relevancia de esta iniciativa para la reconstrucci\u00f3n del tejido social; \u201ceste programa es sumamente valioso porque brinda una segunda oportunidad a quienes han cometido un error, pero que, con el apoyo adecuado, pueden reencaminar su vida\u201d.<\/p>\n\n\n\n<p>Asimismo, enfatiz\u00f3 que la cooperaci\u00f3n entre el Estado y la Federaci\u00f3n ser\u00e1 determinante para el \u00e9xito del programa en Durango.<\/p>\n\n\n\n<p>Por su parte, Karla Jazm\u00edn Flores Ch\u00e1vez, directora general de Ejecuci\u00f3n de Penas, reconoci\u00f3 las gestiones del gobernador para implementar esta estrategia en la entidad. \u201cCreemos en las segundas oportunidades y en la capacidad de los j\u00f3venes para salir adelante; uniendo esfuerzos, podemos lograr m\u00e1s casos de \u00e9xito\u201d, asegur\u00f3.<\/p>\n\n\n\n<p>Tambi\u00e9n destac\u00f3 la importancia de la colaboraci\u00f3n interinstitucional para garantizar que quienes cumplan con los requisitos puedan acceder a los beneficios del programa.<\/p>\n\n\n\n<p>Con este esfuerzo conjunto entre los gobiernos Federal y Estatal, el sector judicial y las instituciones de prevenci\u00f3n, Durango reafirma su compromiso con la reinserci\u00f3n social. Autoridades y especialistas conf\u00edan en que \u201cReconecta con La Paz\u201d no solo beneficiar\u00e1 a los j\u00f3venes en situaci\u00f3n de riesgo, sino que tambi\u00e9n contribuir\u00e1 a la seguridad y el bienestar de la sociedad duranguense.<\/p>\n","protected":false},"excerpt":{"rendered":"<p>14 de febrero de 2025.-El programa \u201cReconecta con La Paz\u201d se consolida en Durango como una estrategia fundamental para la reinserci\u00f3n social de j\u00f3venes en situaci\u00f3n de riesgo, por ello,\u00a0 autoridades estatales y del \u00e1mbito judicial, coincidieron en que esta iniciativa, promovida por el Gobierno Federal e impulsada por el gobernador Esteban Villegas Villarreal, representa&#8230;<\/p>\n","protected":false},"author":1,"featured_media":3853,"comment_status":"open","ping_status":"open","sticky":false,"template":"","format":"standard","meta":{"footnotes":""},"categories":[1],"tags":[],"class_list":["post-3852","post","type-post","status-publish","format-standard","has-post-thumbnail","hentry","category-durango"],"_links":{"self":[{"href":"https:\/\/lagumex.mx\/index\/wp-json\/wp\/v2\/posts\/3852","targetHints":{"allow":["GET"]}}],"collection":[{"href":"https:\/\/lagumex.mx\/index\/wp-json\/wp\/v2\/posts"}],"about":[{"href":"https:\/\/lagumex.mx\/index\/wp-json\/wp\/v2\/types\/post"}],"author":[{"embeddable":true,"href":"https:\/\/lagumex.mx\/index\/wp-json\/wp\/v2\/users\/1"}],"replies":[{"embeddable":true,"href":"https:\/\/lagumex.mx\/index\/wp-json\/wp\/v2\/comments?post=3852"}],"version-history":[{"count":1,"href":"https:\/\/lagumex.mx\/index\/wp-json\/wp\/v2\/posts\/3852\/revisions"}],"predecessor-version":[{"id":3854,"href":"https:\/\/lagumex.mx\/index\/wp-json\/wp\/v2\/posts\/3852\/revisions\/3854"}],"wp:featuredmedia":[{"embeddable":true,"href":"https:\/\/lagumex.mx\/index\/wp-json\/wp\/v2\/media\/3853"}],"wp:attachment":[{"href":"https:\/\/lagumex.mx\/index\/wp-json\/wp\/v2\/media?parent=3852"}],"wp:term":[{"taxonomy":"category","embeddable":true,"href":"https:\/\/lagumex.mx\/index\/wp-json\/wp\/v2\/categories?post=3852"},{"taxonomy":"post_tag","embeddable":true,"href":"https:\/\/lagumex.mx\/index\/wp-json\/wp\/v2\/tags?post=3852"}],"curies":[{"name":"wp","href":"https:\/\/api.w.org\/{rel}","templated":true}]}}