{"id":385,"date":"2023-06-04T17:33:00","date_gmt":"2023-06-04T17:33:00","guid":{"rendered":"http:\/\/lagumex.mx\/index\/?p=385"},"modified":"2023-07-01T17:37:06","modified_gmt":"2023-07-01T17:37:06","slug":"presentan-agenda-para-campana-de-mascotas","status":"publish","type":"post","link":"https:\/\/lagumex.mx\/index\/lerdo\/presentan-agenda-para-campana-de-mascotas\/","title":{"rendered":"PRESENTAN AGENDA PARA CAMPA\u00d1A DE MASCOTAS"},"content":{"rendered":"\n<h2 class=\"wp-block-heading\">El titular del departamento de Prevenci\u00f3n Social, Roberto Carlos Calder\u00f3n, dio a conocer el calendario para la pr\u00f3xima semana de la campa\u00f1a para mascotas. La esterilizaci\u00f3n llegar\u00e1 a la localidad el Huarache.<\/h2>\n\n\n\n<p>04 de junio de 2023. Del 5 al 9 de junio se acercar\u00e1n los servicios de vacunaci\u00f3n contra la rabia y desparasitaci\u00f3n para los perros y gatos del municipio de Lerdo, por lo que se invita a los habitantes para acudir y aprovechar estas acciones que se realizan de manera gratuita.<\/p>\n\n\n\n<p>El lunes 5 de junio, la cita ser\u00e1 en la plaza de la colonia Canter\u00edas, el martes en la escuela primaria 5 de Mayo de la localidad El Huarache, el jueves en la plaza de la colonia San Juan 2 y el viernes 9 Junio en el centro comunitario de la colonia San Juan 1.<\/p>\n\n\n\n<p>El horario de atenci\u00f3n es de 9:30 de la ma\u00f1ana a 1:00 de la tarde, seg\u00fan lo dio a conocer el funcionario, y exhort\u00f3 a los due\u00f1os para responsabilizarse de sus mascotas \u201crecuerden que la vacuna antirr\u00e1bica se aplica al peludo cuando ya tiene m\u00e1s de tres meses de edad y a los seis meses es el refuerzo. En cuanto a la desparasitaci\u00f3n, esa es cada tres meses\u201d<\/p>\n\n\n\n<p>Explic\u00f3 que el f\u00e1rmaco antiparasitario se inyecta por v\u00eda subcut\u00e1nea, de acuerdo al peso en kilogramos de la mascota, y tiene una alta eficacia en la prevenci\u00f3n y protecci\u00f3n de los animales contra par\u00e1sitos como garrapatas.<\/p>\n\n\n\n<p>Finalmente record\u00f3 que el departamento de Prevenci\u00f3n Social se encuentra en la Unidad Administrativa de la colonia San Isidro, sobre la calle Ram\u00f3n Leyva, esquina con L\u00f3pez Ray\u00f3n, y atiende de lunes a viernes de 8:00 a 4:00, y los s\u00e1bados de 9:00 a 1:00 de la tarde.<\/p>\n","protected":false},"excerpt":{"rendered":"<p>El titular del departamento de Prevenci\u00f3n Social, Roberto Carlos Calder\u00f3n, dio a conocer el calendario para la pr\u00f3xima semana de la campa\u00f1a para mascotas. La esterilizaci\u00f3n llegar\u00e1 a la localidad el Huarache. 04 de junio de 2023. Del 5 al 9 de junio se acercar\u00e1n los servicios de vacunaci\u00f3n contra la rabia y desparasitaci\u00f3n para&#8230;<\/p>\n","protected":false},"author":1,"featured_media":0,"comment_status":"open","ping_status":"open","sticky":false,"template":"","format":"standard","meta":{"footnotes":""},"categories":[3],"tags":[],"class_list":["post-385","post","type-post","status-publish","format-standard","hentry","category-lerdo"],"_links":{"self":[{"href":"https:\/\/lagumex.mx\/index\/wp-json\/wp\/v2\/posts\/385","targetHints":{"allow":["GET"]}}],"collection":[{"href":"https:\/\/lagumex.mx\/index\/wp-json\/wp\/v2\/posts"}],"about":[{"href":"https:\/\/lagumex.mx\/index\/wp-json\/wp\/v2\/types\/post"}],"author":[{"embeddable":true,"href":"https:\/\/lagumex.mx\/index\/wp-json\/wp\/v2\/users\/1"}],"replies":[{"embeddable":true,"href":"https:\/\/lagumex.mx\/index\/wp-json\/wp\/v2\/comments?post=385"}],"version-history":[{"count":1,"href":"https:\/\/lagumex.mx\/index\/wp-json\/wp\/v2\/posts\/385\/revisions"}],"predecessor-version":[{"id":386,"href":"https:\/\/lagumex.mx\/index\/wp-json\/wp\/v2\/posts\/385\/revisions\/386"}],"wp:attachment":[{"href":"https:\/\/lagumex.mx\/index\/wp-json\/wp\/v2\/media?parent=385"}],"wp:term":[{"taxonomy":"category","embeddable":true,"href":"https:\/\/lagumex.mx\/index\/wp-json\/wp\/v2\/categories?post=385"},{"taxonomy":"post_tag","embeddable":true,"href":"https:\/\/lagumex.mx\/index\/wp-json\/wp\/v2\/tags?post=385"}],"curies":[{"name":"wp","href":"https:\/\/api.w.org\/{rel}","templated":true}]}}