{"id":3831,"date":"2025-03-18T02:07:00","date_gmt":"2025-03-18T02:07:00","guid":{"rendered":"http:\/\/lagumex.mx\/index\/?p=3831"},"modified":"2025-03-26T14:09:33","modified_gmt":"2025-03-26T14:09:33","slug":"la-feria-del-dia-mundial-del-agua-se-desarrollara-en-la-plaza-principal-de-ciudad-lerdo-y-en-el-paseo-sarabia","status":"publish","type":"post","link":"https:\/\/lagumex.mx\/index\/lerdo\/la-feria-del-dia-mundial-del-agua-se-desarrollara-en-la-plaza-principal-de-ciudad-lerdo-y-en-el-paseo-sarabia\/","title":{"rendered":"La feria del D\u00eda Mundial del Agua se desarrollar\u00e1 en la plaza principal de Ciudad Lerdo y en el Paseo Sarabia"},"content":{"rendered":"\n<p>18 de marzo de 2025.- <strong>La titular del departamento de Cultura del Agua, Guadalupe Badillo, comparti\u00f3 que el pr\u00f3ximo jueves 20 de marzo se desarrollar\u00e1 la tercera Feria del D\u00eda Mundial del Agua en el municipio de Lerdo. Hasta el momento han confirmado asistencia 20 escuelas primarias y preescolares, por lo que se esperan m\u00e1s de mil ni\u00f1os.<\/strong> La feria del D\u00eda Mundial del Agua se desarrollar\u00e1 en la plaza principal de Ciudad Lerdo y en el Paseo Sarabia, de 9:00 de la ma\u00f1ana a 1:00 de la tarde, este jueves 20 de marzo del presente a\u00f1o. Este a\u00f1o el lema es\u00a0<em>\u201cSalvemos nuestros glaciares\u201d<\/em>, raz\u00f3n por la que se implementar\u00e1n espacios para promover la educaci\u00f3n ambiental, haciendo hincapi\u00e9 en la concientizaci\u00f3n.<\/p>\n","protected":false},"excerpt":{"rendered":"<p>18 de marzo de 2025.- La titular del departamento de Cultura del Agua, Guadalupe Badillo, comparti\u00f3 que el pr\u00f3ximo jueves 20 de marzo se desarrollar\u00e1 la tercera Feria del D\u00eda Mundial del Agua en el municipio de Lerdo. Hasta el momento han confirmado asistencia 20 escuelas primarias y preescolares, por lo que se esperan m\u00e1s&#8230;<\/p>\n","protected":false},"author":1,"featured_media":3832,"comment_status":"open","ping_status":"open","sticky":false,"template":"","format":"standard","meta":{"footnotes":""},"categories":[3],"tags":[],"class_list":["post-3831","post","type-post","status-publish","format-standard","has-post-thumbnail","hentry","category-lerdo"],"_links":{"self":[{"href":"https:\/\/lagumex.mx\/index\/wp-json\/wp\/v2\/posts\/3831","targetHints":{"allow":["GET"]}}],"collection":[{"href":"https:\/\/lagumex.mx\/index\/wp-json\/wp\/v2\/posts"}],"about":[{"href":"https:\/\/lagumex.mx\/index\/wp-json\/wp\/v2\/types\/post"}],"author":[{"embeddable":true,"href":"https:\/\/lagumex.mx\/index\/wp-json\/wp\/v2\/users\/1"}],"replies":[{"embeddable":true,"href":"https:\/\/lagumex.mx\/index\/wp-json\/wp\/v2\/comments?post=3831"}],"version-history":[{"count":1,"href":"https:\/\/lagumex.mx\/index\/wp-json\/wp\/v2\/posts\/3831\/revisions"}],"predecessor-version":[{"id":3833,"href":"https:\/\/lagumex.mx\/index\/wp-json\/wp\/v2\/posts\/3831\/revisions\/3833"}],"wp:featuredmedia":[{"embeddable":true,"href":"https:\/\/lagumex.mx\/index\/wp-json\/wp\/v2\/media\/3832"}],"wp:attachment":[{"href":"https:\/\/lagumex.mx\/index\/wp-json\/wp\/v2\/media?parent=3831"}],"wp:term":[{"taxonomy":"category","embeddable":true,"href":"https:\/\/lagumex.mx\/index\/wp-json\/wp\/v2\/categories?post=3831"},{"taxonomy":"post_tag","embeddable":true,"href":"https:\/\/lagumex.mx\/index\/wp-json\/wp\/v2\/tags?post=3831"}],"curies":[{"name":"wp","href":"https:\/\/api.w.org\/{rel}","templated":true}]}}