{"id":3797,"date":"2025-03-04T02:09:04","date_gmt":"2025-03-04T02:09:04","guid":{"rendered":"http:\/\/lagumex.mx\/index\/?p=3797"},"modified":"2025-03-06T02:10:07","modified_gmt":"2025-03-06T02:10:07","slug":"congreso-realiza-conversatorio-para-erradicar-violencia-contra-la-mujer","status":"publish","type":"post","link":"https:\/\/lagumex.mx\/index\/uncategorized\/congreso-de-durango\/congreso-realiza-conversatorio-para-erradicar-violencia-contra-la-mujer\/","title":{"rendered":"Congreso realiza conversatorio para erradicar violencia contra la mujer"},"content":{"rendered":"\n<p>04 de marzo de 2025.- Las Comisiones Unidas de Equidad de G\u00e9nero y Justicia del Congreso del Estado llevaron a cabo un conversatorio legislativo en el marco de la conmemoraci\u00f3n del D\u00eda Internacional de la Mujer, con el prop\u00f3sito de fortalecer el di\u00e1logo y promover acciones legislativas en favor de la igualdad de g\u00e9nero y la erradicaci\u00f3n de la violencia contra la mujer.<\/p>\n\n\n\n<p>Con la presencia de Jennifer Seifert Braun, fundadora del Frente Nacional contra la Violencia Vicaria, el diputado H\u00e9ctor Herrera N\u00fa\u00f1ez, presidente de la Junta de Gobierno y Coordinaci\u00f3n Pol\u00edtica, destac\u00f3 el compromiso del Poder Legislativo con las mujeres. \u201cSomos aliados de las mujeres, qu\u00e9 bueno que nos pongamos la camiseta para hacer acciones que ayuden a la igualdad. A\u00fan hay una brecha muy grande\u201d, se\u00f1al\u00f3.<\/p>\n\n\n\n<p>Asimismo, hizo hincapi\u00e9 en la necesidad de fomentar la participaci\u00f3n de las mujeres en distintos \u00e1mbitos, mencionando que en algunas comunidades peque\u00f1as a\u00fan persisten resistencias. \u201cLas mujeres han demostrado ser responsables y eficientes en sus tareas\u201d, expres\u00f3. Tambi\u00e9n destac\u00f3 la relevancia de la iniciativa de altos mandos en igualdad, la cual considera un avance significativo para la administraci\u00f3n p\u00fablica.<\/p>\n\n\n\n<p>Por su parte, el diputado Otniel Garc\u00eda Navarro, presidente de la Comisi\u00f3n de Justicia, subray\u00f3 el trabajo conjunto entre ambas comisiones para generar resultados tangibles. \u201cHemos avanzado en temas importantes como la iniciativa de la Ley Vicar\u00eda y seguimos trabajando en asuntos pendientes como el aborto y la igualdad sustantiva\u201d, afirm\u00f3.<\/p>\n\n\n\n<p>La diputada Delia Enr\u00edquez, presidenta de la Comisi\u00f3n de Equidad de G\u00e9nero, reafirm\u00f3 el compromiso del Congreso para garantizar la protecci\u00f3n de las mujeres en Durango. \u201cQueremos que sepan que las y los diputados somos sus aliados. Si tocan a una, nos tocan a todas\u201d, enfatiz\u00f3. Adem\u00e1s, comparti\u00f3 una experiencia personal de violencia en casa, destacando la importancia de visibilizar y atender estas problem\u00e1ticas.<\/p>\n","protected":false},"excerpt":{"rendered":"<p>04 de marzo de 2025.- Las Comisiones Unidas de Equidad de G\u00e9nero y Justicia del Congreso del Estado llevaron a cabo un conversatorio legislativo en el marco de la conmemoraci\u00f3n del D\u00eda Internacional de la Mujer, con el prop\u00f3sito de fortalecer el di\u00e1logo y promover acciones legislativas en favor de la igualdad de g\u00e9nero y&#8230;<\/p>\n","protected":false},"author":1,"featured_media":3798,"comment_status":"open","ping_status":"open","sticky":false,"template":"","format":"standard","meta":{"footnotes":""},"categories":[13],"tags":[],"class_list":["post-3797","post","type-post","status-publish","format-standard","has-post-thumbnail","hentry","category-congreso-de-durango"],"_links":{"self":[{"href":"https:\/\/lagumex.mx\/index\/wp-json\/wp\/v2\/posts\/3797","targetHints":{"allow":["GET"]}}],"collection":[{"href":"https:\/\/lagumex.mx\/index\/wp-json\/wp\/v2\/posts"}],"about":[{"href":"https:\/\/lagumex.mx\/index\/wp-json\/wp\/v2\/types\/post"}],"author":[{"embeddable":true,"href":"https:\/\/lagumex.mx\/index\/wp-json\/wp\/v2\/users\/1"}],"replies":[{"embeddable":true,"href":"https:\/\/lagumex.mx\/index\/wp-json\/wp\/v2\/comments?post=3797"}],"version-history":[{"count":1,"href":"https:\/\/lagumex.mx\/index\/wp-json\/wp\/v2\/posts\/3797\/revisions"}],"predecessor-version":[{"id":3799,"href":"https:\/\/lagumex.mx\/index\/wp-json\/wp\/v2\/posts\/3797\/revisions\/3799"}],"wp:featuredmedia":[{"embeddable":true,"href":"https:\/\/lagumex.mx\/index\/wp-json\/wp\/v2\/media\/3798"}],"wp:attachment":[{"href":"https:\/\/lagumex.mx\/index\/wp-json\/wp\/v2\/media?parent=3797"}],"wp:term":[{"taxonomy":"category","embeddable":true,"href":"https:\/\/lagumex.mx\/index\/wp-json\/wp\/v2\/categories?post=3797"},{"taxonomy":"post_tag","embeddable":true,"href":"https:\/\/lagumex.mx\/index\/wp-json\/wp\/v2\/tags?post=3797"}],"curies":[{"name":"wp","href":"https:\/\/api.w.org\/{rel}","templated":true}]}}